{"id":85806,"date":"2025-05-09T02:44:16","date_gmt":"2025-05-09T02:44:16","guid":{"rendered":"https:\/\/www.europesays.com\/fr\/85806\/"},"modified":"2025-05-09T02:44:16","modified_gmt":"2025-05-09T02:44:16","slug":"le-depute-rn-de-marseille-franck-allisio-vise-par-une-enquete-pour-detournement-de-biens-publics","status":"publish","type":"post","link":"https:\/\/www.europesays.com\/fr\/85806\/","title":{"rendered":"Le d\u00e9put\u00e9 RN de Marseille Franck Allisio vis\u00e9 par une enqu\u00eate pour d\u00e9tournement de biens publics"},"content":{"rendered":"<p class=\"latino-300b text-grey-800\">\n<p>  Par\u00a0<br \/>\nLe Nouvel Obs avec AFP          <\/p>\n<p class=\"latino-300r text-grey-600\">\n      Publi\u00e9 le<\/p>\n<p>    8 mai 2025 \u00e0 8h56<\/p>\n<p>      <img fetchpriority=\"high\" decoding=\"async\" class=\"mx-auto\" src=\"data:image\/svg+xml,%3Csvg%20xmlns%3D%27http%3A%2F%2Fwww.w3.org%2F2000%2Fsvg%27%20fill%3D%22%23e4e4e4%22%20viewBox%3D%270%200%20510%20340%27%20width%3D%22510%22%20height%3D%22340%22%3E%3Cpath%20d%3D%27M0%200h510v340H0z%27%2F%3E%3C%2Fsvg%3E\"  loading=\"eager\" width=\"510\" height=\"340\" data-oncrawl-image-size=\"510x340\" alt=\"Le d\u00e9put\u00e9 du Rassemblement national, Franck Allisio, \u00e0 Marseille, le 18\u00a0janvier 2025.\"\/>      <\/p>\n<p class=\"latino-100m text-grey-600\">\n            Le d\u00e9put\u00e9 du Rassemblement national, Franck Allisio, \u00e0 Marseille, le 18\u00a0janvier 2025.\u00a0ALAIN ROBERT\/SIPA        <\/p>\n<p>    Lire\u00a0plus\u00a0tard  <\/p>\n<p><a aria-label=\"Nous suivre sur Google News\" href=\"https:\/\/news.google.com\/publications\/CAAqBwgKMJe4nQkw3dFs?hl=fr&amp;gl=FR&amp;ceid=FR%3Afr\" target=\"_blank\" data-piano=\"Page_Article,Sous_date_publi,Nous_suivre_sur_google_news,1er_clic,action\" class=\"btn btn--small btn--secondary\" rel=\"noopener\"><\/p>\n<p>      Google Actualit\u00e9s<br \/>\n  <\/a><\/p>\n<p>  Partager<\/p>\n<p>        Facebook<\/p>\n<p>        Bluesky<\/p>\n<p>        E-mail<\/p>\n<p>        Copier le lien<\/p>\n<p>      Envoyer<\/p>\n<p>    Temps de lecture\u00a0:\u00a01\u00a0min.<\/p>\n<p class=\"node__paragraphe antonia-750r text-grey-800 pb-20 pb-md-30\">\nLa justice a ouvert une enqu\u00eate apr\u00e8s un signalement de la r\u00e9gion Provence-Alpes-C\u00f4te d\u2019Azur sur l\u2019utilisation des moyens mis \u00e0 disposition du <a href=\"https:\/\/www.nouvelobs.com\/rassemblement-national\/\" target=\"_blank\" rel=\"noopener\">Rassemblement national<\/a> (RN), qui auraient notamment \u00e9t\u00e9 d\u00e9tourn\u00e9s pour les activit\u00e9s du d\u00e9put\u00e9 d\u2019extr\u00eame droite Franck Allisio, a-t-on appris mercredi 7\u00a0mai aupr\u00e8s du parquet de Marseille.<\/p>\n<p class=\"node__paragraphe antonia-750r text-grey-800 pb-20 pb-md-30\">\n\u00ab\u00a0Le parquet confirme l\u2019ouverture d\u2019une enqu\u00eate suite \u00e0 un article\u00a040 de la r\u00e9gion le 30\u00a0d\u00e9cembre 2024\u00a0\u00bb, a-t-il indiqu\u00e9 \u00e0 l\u2019AFP, confirmant <a target=\"_blank\" href=\"https:\/\/marsactu.fr\/la-justice-a-ouvert-une-enquete-contre-franck-allisio-pour-detournement-de-biens-publics\/\" rel=\"noopener\">une information du site d\u2019investigation Marsactu<\/a>.<\/p>\n<p class=\"node__paragraphe antonia-750r text-grey-800 pb-20 pb-md-30\">\nInterrog\u00e9 par l\u2019AFP, Franck Allisio, \u00e9galement pr\u00e9sident du groupe RN au Conseil r\u00e9gional, s\u2019est dit \u00ab\u00a0tout \u00e0 fait heureux qu\u2019il y ait une enqu\u00eate\u00a0\u00bb. \u00ab\u00a0\u00c7a permet de clarifier, de tordre le cou \u00e0 des pol\u00e9miques qui sont politiques\u00a0\u00bb, a ajout\u00e9 l\u2019\u00e9lu, en rappelant qu\u2019il serait \u00ab\u00a0tr\u00e8s probablement candidat \u00e0 la mairie de Marseille\u00a0\u00bb en\u00a02026.<\/p>\n<p class=\"node__paragraphe antonia-750r text-grey-800 pb-20 pb-md-30\">\nEn novembre, \u00e0 la suite d\u2019<a target=\"_blank\" href=\"https:\/\/marsactu.fr\/le-depute-rn-franck-allisio-a-omis-de-declarer-lemploi-de-ses-collaborateurs-parlementaires\/\" rel=\"noopener\">une enqu\u00eate de Marsactu<\/a>, la r\u00e9gion Provence-Alpes-C\u00f4te d\u2019Azur avait annonc\u00e9 l\u2019ouverture d\u2019une enqu\u00eate interne sur l\u2019utilisation par le RN des moyens mis \u00e0 sa disposition \u00e0 l\u2019assembl\u00e9e r\u00e9gionale. Dans cette enqu\u00eate, Marsactu avait fait \u00e9tat notamment du travail de deux collaborateurs du groupe, employ\u00e9s par la r\u00e9gion, au profit de l\u2019activit\u00e9 de d\u00e9put\u00e9 de Franck Allisio, ce qui n\u2019avait pas \u00e9t\u00e9 d\u00e9clar\u00e9 aupr\u00e8s de <a href=\"https:\/\/www.nouvelobs.com\/politique\/20200115.OBS23517\/la-course-effrenee-a-l-argent-des-elites-de-la-republique.html\" target=\"_blank\" rel=\"noopener\">la Haute Autorit\u00e9 pour la transparence de la vie publique<\/a>. Un cumul d\u2019emploi pour ces deux collaborateurs qui posait aussi une question juridique.<\/p>\n<p>Utilisation d\u00e9tourn\u00e9e des v\u00e9hicules de service de la r\u00e9gion<\/p>\n<p class=\"node__paragraphe antonia-750r text-grey-800 pb-20 pb-md-30\">\nLe m\u00e9dia d\u2019investigation avait en outre <a target=\"_blank\" href=\"https:\/\/marsactu.fr\/le-depute-rn-franck-allisio-detourne-les-vehicules-de-service-de-la-region-a-son-profit\/\" rel=\"noopener\">r\u00e9v\u00e9l\u00e9 l\u2019utilisation de v\u00e9hicules de service<\/a> mis \u00e0 disposition par la collectivit\u00e9 pour des d\u00e9placements \u00e0 vocation militante, notamment pour du tractage ou des r\u00e9unions dans le cadre de la campagne <a href=\"https:\/\/www.nouvelobs.com\/elections-europeennes\/20240610.OBS89554\/europeennes-2024-le-rn-en-tete-dans-93-des-communes-de-france.html\" target=\"_blank\" rel=\"noopener\">des \u00e9lections europ\u00e9ennes de 2024<\/a>, puis <a href=\"https:\/\/www.nouvelobs.com\/politique\/20240707.OBS90775\/direct-resultats-legislatives-2024-les-premiers-depouillements-ont-commence.html\" target=\"_blank\" rel=\"noopener\">des l\u00e9gislatives anticip\u00e9es<\/a>.<\/p>\n<p class=\"node__paragraphe antonia-750r text-grey-800 pb-20 pb-md-30\">\nSelon l\u2019association SOS Corruption 13, cette affaire a d\u00e9but\u00e9 apr\u00e8s la \u00ab\u00a0r\u00e9ception d\u2019un courrier anonyme de 17 pages comportant des \u00e9l\u00e9ments \u00e9crits et photographiques d\u00e9taillant des abus pr\u00e9sum\u00e9s, notamment le d\u00e9tournement de collaborateurs et de v\u00e9hicules de la r\u00e9gion au profit d\u2019activit\u00e9s politiques\u00a0\u00bb. El\u00e9ments qui ont ensuite \u00e9t\u00e9 transmis \u00e0 Marsactu.<\/p>\n<p class=\"node__paragraphe antonia-750r text-grey-800 pb-20 pb-md-30\">\n\u00ab\u00a0Cette d\u00e9marche a permis la publication d\u2019articles r\u00e9v\u00e9lant ces pratiques, suscitant une prise de conscience publique\u00a0\u00bb, a ajout\u00e9 l\u2019association mercredi soir dans un communiqu\u00e9.<\/p>\n<\/p>\n<p class=\"node__paragraphe antonia-750r text-grey-800 pb-20 pb-md-30\">\n\u00ab\u00a0Un second courrier anonyme, re\u00e7u post\u00e9rieurement, a permis de compl\u00e9ter les \u00e9l\u00e9ments transmis, confirmant l\u2019ampleur des irr\u00e9gularit\u00e9s pr\u00e9sum\u00e9es\u00a0\u00bb, a ajout\u00e9 SOS Corruption des Bouches-du-Rh\u00f4ne, qui de son c\u00f4t\u00e9 a fait deux signalements, aupr\u00e8s du parquet et de la Chambre r\u00e9gionale des comptes (CRC).<\/p>\n<p class=\"latino-600m text-grey-800\">\n<p>  Par\u00a0<br \/>\nLe Nouvel Obs avec AFP    <\/p>\n","protected":false},"excerpt":{"rendered":"Par\u00a0 Le Nouvel Obs avec AFP Publi\u00e9 le 8 mai 2025 \u00e0 8h56 Le d\u00e9put\u00e9 du Rassemblement national,&hellip;\n","protected":false},"author":2,"featured_media":85807,"comment_status":"","ping_status":"","sticky":false,"template":"","format":"standard","meta":{"footnotes":""},"categories":[2814],"tags":[17,1111,11,19140,422,1777,674,1011,27,12182,303,884,12,316,882,1078,25,2848,575],"class_list":{"0":"post-85806","1":"post","2":"type-post","3":"status-publish","4":"format-standard","5":"has-post-thumbnail","7":"category-marseille","8":"tag-17","9":"tag-actu","10":"tag-actualites","11":"tag-allisio","12":"tag-depute","13":"tag-eu","14":"tag-europe","15":"tag-fr","16":"tag-france","17":"tag-franck","18":"tag-justice","19":"tag-marseille","20":"tag-news","21":"tag-politique","22":"tag-provence-alpes-cote-dazur","23":"tag-rassemblement-national","24":"tag-republique-francaise","25":"tag-rn","26":"tag-vise"},"share_on_mastodon":{"url":"https:\/\/pubeurope.com\/@fr\/114475582364157752","error":""},"_links":{"self":[{"href":"https:\/\/www.europesays.com\/fr\/wp-json\/wp\/v2\/posts\/85806","targetHints":{"allow":["GET"]}}],"collection":[{"href":"https:\/\/www.europesays.com\/fr\/wp-json\/wp\/v2\/posts"}],"about":[{"href":"https:\/\/www.europesays.com\/fr\/wp-json\/wp\/v2\/types\/post"}],"author":[{"embeddable":true,"href":"https:\/\/www.europesays.com\/fr\/wp-json\/wp\/v2\/users\/2"}],"replies":[{"embeddable":true,"href":"https:\/\/www.europesays.com\/fr\/wp-json\/wp\/v2\/comments?post=85806"}],"version-history":[{"count":0,"href":"https:\/\/www.europesays.com\/fr\/wp-json\/wp\/v2\/posts\/85806\/revisions"}],"wp:featuredmedia":[{"embeddable":true,"href":"https:\/\/www.europesays.com\/fr\/wp-json\/wp\/v2\/media\/85807"}],"wp:attachment":[{"href":"https:\/\/www.europesays.com\/fr\/wp-json\/wp\/v2\/media?parent=85806"}],"wp:term":[{"taxonomy":"category","embeddable":true,"href":"https:\/\/www.europesays.com\/fr\/wp-json\/wp\/v2\/categories?post=85806"},{"taxonomy":"post_tag","embeddable":true,"href":"https:\/\/www.europesays.com\/fr\/wp-json\/wp\/v2\/tags?post=85806"}],"curies":[{"name":"wp","href":"https:\/\/api.w.org\/{rel}","templated":true}]}}