{"id":85815,"date":"2025-05-09T02:51:21","date_gmt":"2025-05-09T02:51:21","guid":{"rendered":"https:\/\/www.europesays.com\/fr\/85815\/"},"modified":"2025-05-09T02:51:21","modified_gmt":"2025-05-09T02:51:21","slug":"alfortville-de-retour-chez-elle-lartiste-iman-kerroua-leve-le-voile-sur-les-violences-conjugales-subies-par-sa-mere","status":"publish","type":"post","link":"https:\/\/www.europesays.com\/fr\/85815\/","title":{"rendered":"Alfortville\u00a0: de retour chez elle, l\u2019artiste Iman Kerroua l\u00e8ve le voile sur les violences conjugales subies par sa m\u00e8re"},"content":{"rendered":"<p class=\"paragraph text_align_left\">\u00ab\u00a0Longtemps, on a consid\u00e9r\u00e9 les enfants comme de simples t\u00e9moins <a href=\"https:\/\/www.leparisien.fr\/societe\/violences-conjugales-dans-votre-immeuble-si-vous-entendez-une-femme-hurler-au-moindre-doute-appelez-la-police-22-01-2025-JRRHV2BXMZENFDM3GO6QMJYOJY.php\" target=\"_blank\" rel=\"noopener\">des violences conjugales<\/a>. Aujourd\u2019hui, la s\u00e9mantique a \u00e9volu\u00e9\u00a0\u00bb, confie Iman Kerroua, artiste de 42 ans, \u00e0 l\u2019occasion de la repr\u00e9sentation de son autofiction intitul\u00e9e \u00ab\u00a0London Bridge\u00a0\u00bb au POC d\u2019<a href=\"https:\/\/www.leparisien.fr\/val-de-marne-94\/alfortville-94140\/\" target=\"_blank\" rel=\"noopener\">Alfortville<\/a> (Val-de-Marne), ce vendredi 9\u00a0mai. Un retour aux sources pour la com\u00e9dienne qui a grandi dans l\u2019ancienne cit\u00e9 des Alouettes.<\/p>\n<p class=\"paragraph text_align_left\">Dans ce seul en sc\u00e8ne, elle retrace son parcours de femme ambitieuse, marqu\u00e9e dans son enfance par les <a href=\"https:\/\/www.leparisien.fr\/faits-divers\/violences-conjugales-depuis-metoo-les-plaintes-et-les-condamnations-en-hausse-16-02-2025-NQXU3RGBUZAVFMGAWJHSEX23UE.php\" target=\"_self\" rel=\"noopener\">violences conjugales<\/a> subies par sa m\u00e8re. Des souvenirs d\u00e9chirants de violences physiques et verbales qui traumatisent la fillette et dureront de la fin de sa primaire jusqu\u2019\u00e0 la fin du coll\u00e8ge. Mais une blessure qui a forg\u00e9 la femme et l\u2019artiste d\u2019aujourd\u2019hui.<\/p>\n","protected":false},"excerpt":{"rendered":"\u00ab\u00a0Longtemps, on a consid\u00e9r\u00e9 les enfants comme de simples t\u00e9moins des violences conjugales. Aujourd\u2019hui, la s\u00e9mantique a \u00e9volu\u00e9\u00a0\u00bb,&hellip;\n","protected":false},"author":2,"featured_media":85816,"comment_status":"","ping_status":"","sticky":false,"template":"","format":"standard","meta":{"footnotes":""},"categories":[1888],"tags":[11,1777,674,1011,27,1944,12,626,25,1125],"class_list":{"0":"post-85815","1":"post","2":"type-post","3":"status-publish","4":"format-standard","5":"has-post-thumbnail","7":"category-paris","8":"tag-actualites","9":"tag-eu","10":"tag-europe","11":"tag-fr","12":"tag-france","13":"tag-ma-ville","14":"tag-news","15":"tag-paris","16":"tag-republique-francaise","17":"tag-val-de-marne"},"share_on_mastodon":{"url":"https:\/\/pubeurope.com\/@fr\/114475609837782303","error":""},"_links":{"self":[{"href":"https:\/\/www.europesays.com\/fr\/wp-json\/wp\/v2\/posts\/85815","targetHints":{"allow":["GET"]}}],"collection":[{"href":"https:\/\/www.europesays.com\/fr\/wp-json\/wp\/v2\/posts"}],"about":[{"href":"https:\/\/www.europesays.com\/fr\/wp-json\/wp\/v2\/types\/post"}],"author":[{"embeddable":true,"href":"https:\/\/www.europesays.com\/fr\/wp-json\/wp\/v2\/users\/2"}],"replies":[{"embeddable":true,"href":"https:\/\/www.europesays.com\/fr\/wp-json\/wp\/v2\/comments?post=85815"}],"version-history":[{"count":0,"href":"https:\/\/www.europesays.com\/fr\/wp-json\/wp\/v2\/posts\/85815\/revisions"}],"wp:featuredmedia":[{"embeddable":true,"href":"https:\/\/www.europesays.com\/fr\/wp-json\/wp\/v2\/media\/85816"}],"wp:attachment":[{"href":"https:\/\/www.europesays.com\/fr\/wp-json\/wp\/v2\/media?parent=85815"}],"wp:term":[{"taxonomy":"category","embeddable":true,"href":"https:\/\/www.europesays.com\/fr\/wp-json\/wp\/v2\/categories?post=85815"},{"taxonomy":"post_tag","embeddable":true,"href":"https:\/\/www.europesays.com\/fr\/wp-json\/wp\/v2\/tags?post=85815"}],"curies":[{"name":"wp","href":"https:\/\/api.w.org\/{rel}","templated":true}]}}