{"id":85819,"date":"2025-05-09T02:53:12","date_gmt":"2025-05-09T02:53:12","guid":{"rendered":"https:\/\/www.europesays.com\/fr\/85819\/"},"modified":"2025-05-09T02:53:12","modified_gmt":"2025-05-09T02:53:12","slug":"un-tribunal-special-et-un-accord-sur-les-minerais-voient-le-jour","status":"publish","type":"post","link":"https:\/\/www.europesays.com\/fr\/85819\/","title":{"rendered":"Un tribunal sp\u00e9cial et un accord sur les minerais voient le jour"},"content":{"rendered":"<p>Vous avez rat\u00e9 les derniers \u00e9v\u00e9nements sur la <a href=\"https:\/\/www.20minutes.fr\/monde\/ukraine\/\" class=\"color-ultramarine c-link\" rel=\"nofollow noopener\" target=\"_blank\">guerre en Ukraine<\/a>\u00a0? 20 Minutes fait le point pour vous tous les soirs. Entre les d\u00e9clarations fortes, les avanc\u00e9es sur le front et le bilan des combats, voici l\u2019essentiel de ce jeudi 8\u00a0mai 2025, au 1.170e jour de la guerre.<\/p>\n<p>Le fait du jour<\/p>\n<p>Un appel t\u00e9l\u00e9phonique a eu lieu entre les pr\u00e9sidents am\u00e9ricain Donald Trump et ukrainien Volodymyr Zelensky apr\u00e8s la ratification par le Parlement ukrainien de <a href=\"https:\/\/www.20minutes.fr\/monde\/ukraine\/4151317-20250501-guerre-ukraine-minerais-contre-reconstruction-vaste-accord-economique-entre-ukraine-etats-unis\" class=\"color-ultramarine c-link\" rel=\"nofollow noopener\" target=\"_blank\">l\u2019accord avec Washington sur l\u2019exploitation des ressources naturelles de l\u2019Ukraine.<\/a><\/p>\n<p>Cet accord sur les minerais, sign\u00e9 avec les \u00c9tats-Unis apr\u00e8s des semaines de n\u00e9gociations houleuses, pourrait, selon Kiev, ouvrir la voie \u00e0 une nouvelle aide militaire am\u00e9ricaine. Le pr\u00e9sident ukrainien Volodymyr Zelensky a estim\u00e9 que ce texte ouvrait d\u2019ores et d\u00e9j\u00e0 un \u00ab\u00a0nouveau chapitre\u00a0\u00bb dans les relations entre Kiev et Washington.<\/p>\n<p>\u00ab\u00a0A l\u2019heure actuelle, (l\u2019accord) constitue une base solide pour la coop\u00e9ration en mati\u00e8re de s\u00e9curit\u00e9 et, \u00e0 long terme, il offre \u00e0 l\u2019Ukraine et aux \u00c9tats-Unis l\u2019occasion d\u2019\u00e9largir une collaboration \u00e9conomique mutuellement b\u00e9n\u00e9fique\u00a0\u00bb, a ajout\u00e9 Volodymyr Zelensky, dans un message publi\u00e9 sur les r\u00e9seaux sociaux.<\/p>\n<\/p>\n<p>Ce document concerne l\u2019extraction de minerais, de p\u00e9trole et de gaz &#8211; 57 types de ressources au total en Ukraine, qui fait face depuis plus de trois ans \u00e0 l\u2019invasion russe.<\/p>\n<p>Contrairement \u00e0 ce que voulait initialement Donald Trump, le document ne pr\u00e9voit pas de comptabiliser comme dette de l\u2019Ukraine envers les \u00c9tats-Unis l\u2019aide am\u00e9ricaine accord\u00e9e par son pr\u00e9d\u00e9cesseur Joe Biden depuis le d\u00e9but de l\u2019invasion russe en\u00a02022.<\/p>\n<p>La d\u00e9claration du jour<\/p>\n<blockquote class=\"mx-m@xs mx-xxl@md color-ultramarine c-citation\">\n<p class=\"font-weight-regular@xs text-italic font-source-serif-pro text-l@xs c-citation__content\">\u00ab\u00a0\u00ab\u00a0L\u2019Ukraine appr\u00e9cie profond\u00e9ment la position constante du Saint-Si\u00e8ge en faveur du respect du droit international, en condamnant l\u2019agression militaire de la F\u00e9d\u00e9ration de Russie contre l\u2019Ukraine et en prot\u00e9geant les droits des civils innocents\u00a0\u00bb\u00a0\u00bb<\/p>\n<\/blockquote>\n<p>Le pr\u00e9sident ukrainien Volodymyr Zelensky a f\u00e9licit\u00e9 jeudi le nouveau <a href=\"https:\/\/www.20minutes.fr\/monde\/4152501-20250508-conclave-americain-robert-francis-prevost-elu-pape-sous-nom-leon-xiv\" class=\"color-ultramarine c-link\" rel=\"nofollow noopener\" target=\"_blank\">pape L\u00e9on XIV<\/a>, esp\u00e9rant que le Vatican continuera \u00e0 soutenir <a href=\"https:\/\/www.20minutes.fr\/monde\/4130853-20241225-noel-pape-appelle-faire-taire-armes-monde\" class=\"color-ultramarine c-link\" rel=\"nofollow noopener\" target=\"_blank\">\u00ab\u00a0moralement et spirituellement\u00a0\u00bb<\/a> Kiev pour \u00ab\u00a0r\u00e9tablir la justice et parvenir \u00e0 une paix durable\u00a0\u00bb avec Moscou.<\/p>\n<p>Le chiffre du jour<\/p>\n<p>734. Depuis minuit, la Russie a \u00ab\u00a0commis 734 violations du cessez-le-feu\u00a0\u00bb et lanc\u00e9 63 tentatives d\u2019assaut, a affirm\u00e9 le ministre ukrainien des Affaires \u00e9trang\u00e8res Andri\u00ef Sybiga, sur X.<\/p>\n<p>L\u2019Ukraine a accus\u00e9 jeudi la Russie d\u2019attaquer sur \u00ab\u00a0toute la ligne de front\u00a0\u00bb, en violation du <a href=\"https:\/\/www.20minutes.fr\/monde\/ukraine\/4150797-20250428-guerre-ukraine-treve-poutine-laisse-marbre-kim-jong-sort-bois\" class=\"color-ultramarine c-link\" rel=\"nofollow noopener\" target=\"_blank\">cessez-le-feu de trois jours annonc\u00e9 par Vladimir Poutine<\/a>, Moscou assurant pour sa part le \u00ab\u00a0respecter strictement\u00a0\u00bb et seulement \u00ab\u00a0r\u00e9pondre\u00a0\u00bb \u00e0 des attaques ukrainiennes.<\/p>\n<p>Cette tr\u00eave est entr\u00e9e en vigueur dans la nuit de mercredi \u00e0 jeudi et doit durer jusqu\u2019\u00e0 samedi, \u00e0 l\u2019occasion de la comm\u00e9moration des 80 ans de la victoire sur l\u2019Allemagne nazie.<\/p>\n<p>L\u2019Ukraine r\u00e9pondra \u00ab\u00a0de mani\u00e8re appropri\u00e9e \u00e0 toutes les attaques\u00a0\u00bb et partagera avec ses partenaires \u00ab\u00a0toutes les informations pertinentes sur les violations du cessez-le-feu par la Russie\u00a0\u00bb, a ajout\u00e9 Andri\u00ef Sybiga.<\/p>\n<p>La tendance<\/p>\n<p>L\u2019Ukraine et les pays qui la soutiennent vont donner leur feu vert vendredi \u00e0 la cr\u00e9ation d\u2019un tribunal sp\u00e9cial pour juger les \u00ab\u00a0crimes d\u2019agression\u00a0\u00bb russes, a annonc\u00e9 jeudi \u00e0 Varsovie la cheffe de la diplomatie europ\u00e9enne Kaja Kallas. Ce feu vert politique interviendra vendredi \u00e0 Lviv, dans l\u2019ouest de l\u2019Ukraine, \u00e0 l\u2019occasion d\u2019un d\u00e9placement de ministres des Affaires \u00e9trang\u00e8res de l\u2019UE, au moment o\u00f9 la Russie f\u00eatera \u00e0 Moscou la victoire contre l\u2019Allemagne nazie en\u00a01945.<\/p>\n<p>\u00ab\u00a0Il n\u2019y aura pas d\u2019impunit\u00e9\u00a0\u00bb, a assur\u00e9 devant la presse Kaja Kallas, \u00e0 l\u2019issue d\u2019une r\u00e9union informelle des ministres des Affaires \u00e9trang\u00e8res europ\u00e9ens \u00e0 Varsovie. Ce d\u00e9placement symbolique en Ukraine, un 9\u00a0mai jour de la f\u00eate de l\u2019Europe, doit rappeler que \u00ab\u00a0tous ceux qui soutiennent vraiment la paix ne peuvent pas se tenir aux c\u00f4t\u00e9s de (Vladimir) Poutine\u00a0\u00bb, le pr\u00e9sident russe, a-t-elle soulign\u00e9.<\/p>\n<p><a href=\"https:\/\/www.20minutes.fr\/monde\/ukraine\/\" class=\"c-link c-btn c-btn--primary\" rel=\"nofollow noopener\" target=\"_blank\">Nos articles sur la Guerre en Ukraine<\/a><\/p>\n<p>Le tribunal sp\u00e9cial pour les \u00ab\u00a0crimes d\u2019agression\u00a0\u00bb travaillera aux c\u00f4t\u00e9s de la Cour p\u00e9nale internationale (CPI), qui a d\u00e9j\u00e0 lanc\u00e9 des mandats d\u2019arr\u00eat internationaux contre plusieurs dirigeants russes, dont Vladimir Poutine. Elle est toutefois impuissante \u00e0 juger la Russie pour des \u00ab\u00a0crimes d\u2019agression\u00a0\u00bb, d\u2019o\u00f9 l\u2019id\u00e9e de cr\u00e9er ce tribunal sp\u00e9cial, lanc\u00e9e peu apr\u00e8s l\u2019invasion de l\u2019Ukraine le 24\u00a0f\u00e9vrier 2022.<\/p>\n<p>Les travaux en vue de sa cr\u00e9ation se sont acc\u00e9l\u00e9r\u00e9s depuis le retour de Donald Trump \u00e0 la Maison-Blanche et la crainte qu\u2019une immunit\u00e9 soit accord\u00e9e \u00e0 Vladimir Poutine et d\u2019autres dirigeants russes, en cas d\u2019accord de paix.<\/p>\n","protected":false},"excerpt":{"rendered":"Vous avez rat\u00e9 les derniers \u00e9v\u00e9nements sur la guerre en Ukraine\u00a0? 20 Minutes fait le point pour vous&hellip;\n","protected":false},"author":2,"featured_media":85820,"comment_status":"","ping_status":"","sticky":false,"template":"","format":"standard","meta":{"footnotes":""},"categories":[1591],"tags":[47,11,1887,131,4998,74,1916,12,1885,1886,132,135,134],"class_list":{"0":"post-85819","1":"post","2":"type-post","3":"status-publish","4":"format-standard","5":"has-post-thumbnail","7":"category-russie","8":"tag-actualite","9":"tag-actualites","10":"tag-federation-de-russie","11":"tag-guerre-en-ukraine","12":"tag-kremlin","13":"tag-monde","14":"tag-moscou","15":"tag-news","16":"tag-russia","17":"tag-russian-federation","18":"tag-russie","19":"tag-vladimir-poutine","20":"tag-volodymyr-zelensky"},"share_on_mastodon":{"url":"https:\/\/pubeurope.com\/@fr\/114475617678235880","error":""},"_links":{"self":[{"href":"https:\/\/www.europesays.com\/fr\/wp-json\/wp\/v2\/posts\/85819","targetHints":{"allow":["GET"]}}],"collection":[{"href":"https:\/\/www.europesays.com\/fr\/wp-json\/wp\/v2\/posts"}],"about":[{"href":"https:\/\/www.europesays.com\/fr\/wp-json\/wp\/v2\/types\/post"}],"author":[{"embeddable":true,"href":"https:\/\/www.europesays.com\/fr\/wp-json\/wp\/v2\/users\/2"}],"replies":[{"embeddable":true,"href":"https:\/\/www.europesays.com\/fr\/wp-json\/wp\/v2\/comments?post=85819"}],"version-history":[{"count":0,"href":"https:\/\/www.europesays.com\/fr\/wp-json\/wp\/v2\/posts\/85819\/revisions"}],"wp:featuredmedia":[{"embeddable":true,"href":"https:\/\/www.europesays.com\/fr\/wp-json\/wp\/v2\/media\/85820"}],"wp:attachment":[{"href":"https:\/\/www.europesays.com\/fr\/wp-json\/wp\/v2\/media?parent=85819"}],"wp:term":[{"taxonomy":"category","embeddable":true,"href":"https:\/\/www.europesays.com\/fr\/wp-json\/wp\/v2\/categories?post=85819"},{"taxonomy":"post_tag","embeddable":true,"href":"https:\/\/www.europesays.com\/fr\/wp-json\/wp\/v2\/tags?post=85819"}],"curies":[{"name":"wp","href":"https:\/\/api.w.org\/{rel}","templated":true}]}}