{"id":85823,"date":"2025-05-09T02:55:07","date_gmt":"2025-05-09T02:55:07","guid":{"rendered":"https:\/\/www.europesays.com\/fr\/85823\/"},"modified":"2025-05-09T02:55:07","modified_gmt":"2025-05-09T02:55:07","slug":"le-president-du-panama-ne-renegociera-pas-laccord-de-securite-avec-les-etats-unis","status":"publish","type":"post","link":"https:\/\/www.europesays.com\/fr\/85823\/","title":{"rendered":"Le pr\u00e9sident du Panama ne ren\u00e9gociera pas l&rsquo;accord de s\u00e9curit\u00e9 avec les \u00c9tats-Unis"},"content":{"rendered":"<p>Le pr\u00e9sident panam\u00e9en, Jos\u00e9 Ra\u00fal Mulino, a d\u00e9clar\u00e9 jeudi qu\u2019il ne ren\u00e9gocierait pas l\u2019accord avec les \u00c9tats-Unis autorisant l\u2019acc\u00e8s des troupes am\u00e9ricaines aux installations panam\u00e9ennes, malgr\u00e9 les protestations l\u2019accusant de compromettre la souverainet\u00e9 du pays.<\/p>\n<p>Mardi, des milliers de Panam\u00e9ens ont manifest\u00e9 dans la capitale lors de la plus grande manifestation \u00e0 ce jour contre un accord sign\u00e9 lors de la visite du secr\u00e9taire am\u00e9ricain \u00e0 la D\u00e9fense, Pete Hegseth, le mois dernier.<\/p>\n<p>L\u2019ambassade des \u00c9tats-Unis a ensuite publi\u00e9 un communiqu\u00e9 mercredi, affirmant que l\u2019accord ne pr\u00e9voyait pas l\u2019\u00e9tablissement de bases militaires au Panama. La pr\u00e9sence militaire am\u00e9ricaine au Panama est un sujet sensible, car l\u2019invasion am\u00e9ricaine de 1989 est encore pr\u00e9sente dans les m\u00e9moires et le pr\u00e9sident am\u00e9ricain Donald Trump a sugg\u00e9r\u00e9 que les \u00c9tats-Unis reprennent le contr\u00f4le du canal de Panama.<\/p>\n<p>\u00abLa souverainet\u00e9 du Panama n\u2019est pas en jeu, elle n\u2019est pas c\u00e9d\u00e9e, elle n\u2019est pas donn\u00e9e\u00bb, a affirm\u00e9 M.\u00a0Mulino lors de sa conf\u00e9rence de presse hebdomadaire. Il a insist\u00e9 sur le fait que l\u2019accord ne conduirait pas \u00e0 l\u2019installation de bases am\u00e9ricaines au Panama.<\/p>\n<p>Les zones d\u2019acc\u00e8s des troupes et des sous-traitants am\u00e9ricains resteront sous le contr\u00f4le du Panama, qui peut r\u00e9silier l\u2019accord avec un pr\u00e9avis de six mois, a d\u00e9clar\u00e9 le gouvernement.<\/p>\n<p>Les manifestations de ces derni\u00e8res semaines ont entra\u00een\u00e9 la fermeture des rues et attir\u00e9 des milliers de personnes.<\/p>\n<p>Mulino a d\u00e9clar\u00e9 qu\u2019elles \u00e9taient motiv\u00e9es par des int\u00e9r\u00eats politiques.<\/p>\n","protected":false},"excerpt":{"rendered":"Le pr\u00e9sident panam\u00e9en, Jos\u00e9 Ra\u00fal Mulino, a d\u00e9clar\u00e9 jeudi qu\u2019il ne ren\u00e9gocierait pas l\u2019accord avec les \u00c9tats-Unis autorisant&hellip;\n","protected":false},"author":2,"featured_media":85824,"comment_status":"","ping_status":"","sticky":false,"template":"","format":"standard","meta":{"footnotes":""},"categories":[1589],"tags":[11,73,1866,1854,12,1864,1865,1863,308],"class_list":{"0":"post-85823","1":"post","2":"type-post","3":"status-publish","4":"format-standard","5":"has-post-thumbnail","7":"category-etats-unis","8":"tag-actualites","9":"tag-etats-unis","10":"tag-etats-unis-damerique","11":"tag-https-lactualite-com-sujet-international","12":"tag-news","13":"tag-united-states","14":"tag-united-states-of-america","15":"tag-us","16":"tag-usa"},"share_on_mastodon":{"url":"https:\/\/pubeurope.com\/@fr\/114475625581395395","error":""},"_links":{"self":[{"href":"https:\/\/www.europesays.com\/fr\/wp-json\/wp\/v2\/posts\/85823","targetHints":{"allow":["GET"]}}],"collection":[{"href":"https:\/\/www.europesays.com\/fr\/wp-json\/wp\/v2\/posts"}],"about":[{"href":"https:\/\/www.europesays.com\/fr\/wp-json\/wp\/v2\/types\/post"}],"author":[{"embeddable":true,"href":"https:\/\/www.europesays.com\/fr\/wp-json\/wp\/v2\/users\/2"}],"replies":[{"embeddable":true,"href":"https:\/\/www.europesays.com\/fr\/wp-json\/wp\/v2\/comments?post=85823"}],"version-history":[{"count":0,"href":"https:\/\/www.europesays.com\/fr\/wp-json\/wp\/v2\/posts\/85823\/revisions"}],"wp:featuredmedia":[{"embeddable":true,"href":"https:\/\/www.europesays.com\/fr\/wp-json\/wp\/v2\/media\/85824"}],"wp:attachment":[{"href":"https:\/\/www.europesays.com\/fr\/wp-json\/wp\/v2\/media?parent=85823"}],"wp:term":[{"taxonomy":"category","embeddable":true,"href":"https:\/\/www.europesays.com\/fr\/wp-json\/wp\/v2\/categories?post=85823"},{"taxonomy":"post_tag","embeddable":true,"href":"https:\/\/www.europesays.com\/fr\/wp-json\/wp\/v2\/tags?post=85823"}],"curies":[{"name":"wp","href":"https:\/\/api.w.org\/{rel}","templated":true}]}}