{"id":85825,"date":"2025-05-09T02:56:10","date_gmt":"2025-05-09T02:56:10","guid":{"rendered":"https:\/\/www.europesays.com\/fr\/85825\/"},"modified":"2025-05-09T02:56:10","modified_gmt":"2025-05-09T02:56:10","slug":"le-royaume-uni-scelle-un-accord-controverse-avec-linde","status":"publish","type":"post","link":"https:\/\/www.europesays.com\/fr\/85825\/","title":{"rendered":"le Royaume-Uni scelle un accord controvers\u00e9 avec l\u2019Inde"},"content":{"rendered":"<p>Mardi, apr\u00e8s trois ans d&rsquo;\u00e2pres n\u00e9gociations, le gouvernement travailliste est finalement parvenu \u00e0 signer un accord de libre-\u00e9change avec l&rsquo;Inde. Celui-ci a imm\u00e9diatement \u00e9t\u00e9 brandi, par le Premier ministre Keir Starmer,\u00a0comme une \u00ab grande victoire \u00bb qui \u00ab profitera aux individus et entreprises britanniques \u00bb.<\/p>\n<p><a href=\"https:\/\/www.latribune.fr\/economie\/international\/au-royaume-uni-aussi-le-budget-est-un-casse-tete-1006419.html\" rel=\"nofollow noopener\" target=\"_blank\">Confront\u00e9 \u00e0 de grosses difficult\u00e9s budg\u00e9taires<\/a>, le\u00a0Royaume-Uni post-Brexit cherche activement \u00e0 signer des accords de libre-\u00e9change pour donner un coup de pouce \u00e0 la croissance du pays et r\u00e9tablir l&rsquo;\u00e9quilibre des comptes sans trop devoir tailler dans les d\u00e9penses sociales et les services publics.<\/p>\n<p>En plus de l&rsquo;accord pass\u00e9 avec Donald Trump annonc\u00e9 ce jeudi 8 mai, la signature de Narendra Modi tombe comme une b\u00e9n\u00e9diction pour un gouvernement en qu\u00eate de bonnes nouvelles apr\u00e8s une <a href=\"https:\/\/www.lefigaro.fr\/international\/grande-bretagne-le-coup-de-semonce-de-reform-uk-au-gouvernement-travailliste-20250504\" rel=\"nofollow noopener\" target=\"_blank\">d\u00e9faite<\/a> essuy\u00e9e la semaine pass\u00e9e lors d&rsquo;une \u00e9lection partielle contre Reform UK, le parti anti-immigration de Nigel Farage.<\/p>\n","protected":false},"excerpt":{"rendered":"Mardi, apr\u00e8s trois ans d&rsquo;\u00e2pres n\u00e9gociations, le gouvernement travailliste est finalement parvenu \u00e0 signer un accord de libre-\u00e9change&hellip;\n","protected":false},"author":2,"featured_media":85826,"comment_status":"","ping_status":"","sticky":false,"template":"","format":"standard","meta":{"footnotes":""},"categories":[1588],"tags":[17,743,11,19542,19543,13255,33,1777,674,12,1113,473,1853,19544,1851,1850,1852],"class_list":{"0":"post-85825","1":"post","2":"type-post","3":"status-publish","4":"format-standard","5":"has-post-thumbnail","7":"category-royaume-uni","8":"tag-17","9":"tag-accord","10":"tag-actualites","11":"tag-alliances","12":"tag-commerciales","13":"tag-controverse","14":"tag-economie","15":"tag-eu","16":"tag-europe","17":"tag-news","18":"tag-nouvelles","19":"tag-royaume-uni","20":"tag-royaume-uni-de-grande-bretagne-et-dirlande-du-nord","21":"tag-scelle","22":"tag-uk","23":"tag-united-kingdom","24":"tag-united-kingdom-of-great-britain-and-northern-ireland"},"share_on_mastodon":{"url":"https:\/\/pubeurope.com\/@fr\/114475629632182595","error":""},"_links":{"self":[{"href":"https:\/\/www.europesays.com\/fr\/wp-json\/wp\/v2\/posts\/85825","targetHints":{"allow":["GET"]}}],"collection":[{"href":"https:\/\/www.europesays.com\/fr\/wp-json\/wp\/v2\/posts"}],"about":[{"href":"https:\/\/www.europesays.com\/fr\/wp-json\/wp\/v2\/types\/post"}],"author":[{"embeddable":true,"href":"https:\/\/www.europesays.com\/fr\/wp-json\/wp\/v2\/users\/2"}],"replies":[{"embeddable":true,"href":"https:\/\/www.europesays.com\/fr\/wp-json\/wp\/v2\/comments?post=85825"}],"version-history":[{"count":0,"href":"https:\/\/www.europesays.com\/fr\/wp-json\/wp\/v2\/posts\/85825\/revisions"}],"wp:featuredmedia":[{"embeddable":true,"href":"https:\/\/www.europesays.com\/fr\/wp-json\/wp\/v2\/media\/85826"}],"wp:attachment":[{"href":"https:\/\/www.europesays.com\/fr\/wp-json\/wp\/v2\/media?parent=85825"}],"wp:term":[{"taxonomy":"category","embeddable":true,"href":"https:\/\/www.europesays.com\/fr\/wp-json\/wp\/v2\/categories?post=85825"},{"taxonomy":"post_tag","embeddable":true,"href":"https:\/\/www.europesays.com\/fr\/wp-json\/wp\/v2\/tags?post=85825"}],"curies":[{"name":"wp","href":"https:\/\/api.w.org\/{rel}","templated":true}]}}