{"id":85827,"date":"2025-05-09T02:57:09","date_gmt":"2025-05-09T02:57:09","guid":{"rendered":"https:\/\/www.europesays.com\/fr\/85827\/"},"modified":"2025-05-09T02:57:09","modified_gmt":"2025-05-09T02:57:09","slug":"pourquoi-friedrich-merz-a-t-il-abandonne-sa-promesse-de-relancer-le-nucleaire","status":"publish","type":"post","link":"https:\/\/www.europesays.com\/fr\/85827\/","title":{"rendered":"pourquoi Friedrich Merz a-t-il abandonn\u00e9 sa promesse de relancer le nucl\u00e9aire\u00a0?"},"content":{"rendered":"<p><strong>ENTRETIEN &#8211;<\/strong> Dans l\u2019accord de coalition du chancelier allemand, \u00e9lu le 6\u00a0mai, certaines de ses promesses de campagne ont \u00e9t\u00e9 \u00e9cart\u00e9es, comme le retour du nucl\u00e9aire. L\u2019historien Patrick Moreau, sp\u00e9cialiste de l\u2019Allemagne, y voit une cons\u00e9quence des antagonismes entre la CDU et le SPD.<\/p>\n<p class=\"fig-paragraph\">Patrick Moreau est historien et politologue sp\u00e9cialiste de l\u2019Allemagne et des extr\u00e9mismes. Il a notamment publi\u00e9 \u00ab\u00a0L\u2019Autre Allemagne. Le r\u00e9veil de l\u2019extr\u00eame droite\u00a0\u00bb (Vend\u00e9miaire, 2017).<\/p>\n<p class=\"fig-paragraph\"><strong>LE FIGARO. &#8211; Le faux d\u00e9part de Merz, qui a \u00e9chou\u00e9 \u00e0 se faire \u00e9lire d\u00e8s le premier tour, traduit-il les faiblesses de sa coalition\u00a0?<\/strong><\/p>\n<p class=\"fig-paragraph\"><strong>PATRICK MOREAU. &#8211; <\/strong>Oui, la coalition n\u2019a qu\u2019une majorit\u00e9 tr\u00e8s faible. Sur un sujet important, il peut toujours y avoir une protestation d\u2019une quinzaine de d\u00e9put\u00e9s de la coalition. Le gouvernement serait en minorit\u00e9 et pourrait choisir de provoquer des \u00e9lections anticip\u00e9es. Merz et Klingbeil seront contraints d\u2019\u00e9couter leurs troupes et forc\u00e9s de \u00ab\u00a0calmer\u00a0\u00bb les m\u00e9contents. Une danse sur la corde raide\u2026<\/p>\n<p class=\"fig-paragraph\"><strong>La CDU avait exprim\u00e9 des regrets quant \u00e0 l\u2019abandon du nucl\u00e9aire, mais le SPD s\u2019est oppos\u00e9 \u00e0 la possibilit\u00e9 d\u2019une reprise de cette \u00e9nergie. Les ambitions r\u00e9formatrices de Merz doivent-elles \u00eatre revues \u00e0 la baisse\u00a0?<\/strong><\/p>\n<p class=\"fig-paragraph\">Le retour du nucl\u00e9aire \u00e9tait demand\u00e9 par la base\u2026<\/p>\n<p class=\"fig-premium-paywall__infos\">\n        Cet article est r\u00e9serv\u00e9 aux abonn\u00e9s.        Il vous reste 87% \u00e0 d\u00e9couvrir.\n    <\/p>\n<p>                <img  data- alt=\"Le Figaro\" class=\"fig-img--complete fig-img\"\/><\/p>\n<p class=\"fig-premium-paywall__title\">Je m&rsquo;informe, je m&rsquo;inspire, je m&rsquo;abonne.<\/p>\n<p class=\"fig-premium-paywall__subtitle\">D\u00e9couvrez notre offre de bienvenue.<\/p>\n<p class=\"fig-premium-paywall__connect\">\n                D\u00e9j\u00e0 abonn\u00e9\u00a0?                <a class=\"fig-premium-paywall__connect-link\" href=\"https:\/\/connect.lefigaro.fr\/login?client=horizon_web&amp;type=main&amp;redirect_uri=https%3A%2F%2Fwww.lefigaro.fr%2Fvox%2Fmonde%2Fallemagne-pourquoi-friedrich-merz-a-t-il-abandonne-sa-promesse-de-relancer-le-nucleaire-20250508\" data-js-gtm=\"{&quot;customCategorie&quot;: &quot;conversion&quot;, &quot;customAction&quot;: &quot;before_Landing_Connexion_paywall_auto&quot;, &quot;customLabel&quot;: &quot;bGVmaWdhcm8uZnJfXzFmMDE2YjY1LWYzZTgtNmU3ZS1iMWQ4LTMzNTJlNzhmZDk0ZF9fQXJ0aWNsZQ==_Allemagne: pourquoi Friedrich Merz a-t-il abandonn\u00e9 sa promesse de relancer le nucl\u00e9aire\u00a0?_47&quot;, &quot;customIDSPE&quot;: &quot;bGVmaWdhcm8uZnJfXzFmMDE2YjY1LWYzZTgtNmU3ZS1iMWQ4LTMzNTJlNzhmZDk0ZF9fQXJ0aWNsZQ==&quot;, &quot;event&quot;: &quot;customEventSPE&quot;}\" target=\"_blank\" rel=\"noopener\"><br \/>\n                    Connectez-vous<br \/>\n                <\/a>\n            <\/p>\n","protected":false},"excerpt":{"rendered":"ENTRETIEN &#8211; Dans l\u2019accord de coalition du chancelier allemand, \u00e9lu le 6\u00a0mai, certaines de ses promesses de campagne&hellip;\n","protected":false},"author":2,"featured_media":85828,"comment_status":"","ping_status":"","sticky":false,"template":"","format":"standard","meta":{"footnotes":""},"categories":[1587],"tags":[11,672,1804,1428,1805,1292,2198,2197,1803,51,1777,674,1429,4710,1801,14,12,1427,1426,1802],"class_list":{"0":"post-85827","1":"post","2":"type-post","3":"status-publish","4":"format-standard","5":"has-post-thumbnail","7":"category-allemagne","8":"tag-actualites","9":"tag-allemagne","10":"tag-bundesrepublik-deutschland","11":"tag-chroniqueurs","12":"tag-de","13":"tag-debat","14":"tag-debat-monde","15":"tag-debats-international","16":"tag-deutschland","17":"tag-ecologie","18":"tag-eu","19":"tag-europe","20":"tag-figarovox","21":"tag-friedrich-merz","22":"tag-germany","23":"tag-international","24":"tag-news","25":"tag-opinions","26":"tag-questions","27":"tag-republique-federale-dallemagne"},"share_on_mastodon":{"url":"https:\/\/pubeurope.com\/@fr\/114475633404654481","error":""},"_links":{"self":[{"href":"https:\/\/www.europesays.com\/fr\/wp-json\/wp\/v2\/posts\/85827","targetHints":{"allow":["GET"]}}],"collection":[{"href":"https:\/\/www.europesays.com\/fr\/wp-json\/wp\/v2\/posts"}],"about":[{"href":"https:\/\/www.europesays.com\/fr\/wp-json\/wp\/v2\/types\/post"}],"author":[{"embeddable":true,"href":"https:\/\/www.europesays.com\/fr\/wp-json\/wp\/v2\/users\/2"}],"replies":[{"embeddable":true,"href":"https:\/\/www.europesays.com\/fr\/wp-json\/wp\/v2\/comments?post=85827"}],"version-history":[{"count":0,"href":"https:\/\/www.europesays.com\/fr\/wp-json\/wp\/v2\/posts\/85827\/revisions"}],"wp:featuredmedia":[{"embeddable":true,"href":"https:\/\/www.europesays.com\/fr\/wp-json\/wp\/v2\/media\/85828"}],"wp:attachment":[{"href":"https:\/\/www.europesays.com\/fr\/wp-json\/wp\/v2\/media?parent=85827"}],"wp:term":[{"taxonomy":"category","embeddable":true,"href":"https:\/\/www.europesays.com\/fr\/wp-json\/wp\/v2\/categories?post=85827"},{"taxonomy":"post_tag","embeddable":true,"href":"https:\/\/www.europesays.com\/fr\/wp-json\/wp\/v2\/tags?post=85827"}],"curies":[{"name":"wp","href":"https:\/\/api.w.org\/{rel}","templated":true}]}}