{"id":858586,"date":"2026-04-09T22:50:29","date_gmt":"2026-04-09T22:50:29","guid":{"rendered":"https:\/\/www.europesays.com\/fr\/858586\/"},"modified":"2026-04-09T22:50:29","modified_gmt":"2026-04-09T22:50:29","slug":"sous-le-deluge-des-bombes-israeliennes-le-liban-saccroche-a-lespoir-dune-treve","status":"publish","type":"post","link":"https:\/\/www.europesays.com\/fr\/858586\/","title":{"rendered":"sous le d\u00e9luge des bombes isra\u00e9liennes, le Liban s\u2019accroche \u00e0 l\u2019espoir d\u2019une tr\u00eave"},"content":{"rendered":"<p>                                                                                                                                                                                                                                                            <a href=\"https:\/\/www.lefigaro.fr\/international\/guerre-au-moyen-orient-l-iran-annonce-avoir-abattu-un-deuxieme-chasseur-americain-f-35-mais-les-debris-correspondent-davantage-a-ceux-d-un-f-15-20260403\" class=\"fig-ranking-profile-link\" data-fig-domain=\"LEFIGARO\" rel=\"nofollow noopener\" target=\"_blank\"><\/p>\n<p>        Chasseur am\u00e9ricain abattu pour la premi\u00e8re fois par l\u2019Iran\u00a0: Washington serait parvenu \u00e0 secourir un pilote, Trump \u00abbrief\u00e9\u00bb sur la situation<\/p>\n<p>                                                <\/a><\/p>\n<p>        <img   class=\"fig-img fig-ranking-profile-media-small-picture__photo\" alt=\"Chasseur am\u00e9ricain abattu pour la premi\u00e8re fois par l\u2019Iran\u00a0: Washington serait parvenu \u00e0 secourir un pilote, Trump \u00abbrief\u00e9\u00bb sur la situation\" height=\"1079\" width=\"1918\"\/><\/p>\n<p class=\"fig-ranking-profile-standfirst\">\n    Selon CBS et CNN, citant deux responsables am\u00e9ricains, un membre d\u2019\u00e9quipage a \u00e9t\u00e9 sauv\u00e9 lors d\u2019une op\u00e9ration de secours. Contrairement aux premi\u00e8res affirmations iraniennes, l\u2019appareil am\u00e9ricain serait un F-15E, avec deux membres d\u2019\u00e9quipage, et non un chasseur furtif F-35.\n<\/p>\n<p>                                                                                                                                                                                                                                                            <a href=\"https:\/\/www.lefigaro.fr\/international\/guerre-en-iran-ce-que-l-on-sait-des-operations-qui-ont-conduit-au-sauvetage-du-deuxieme-militaire-americain-20260405\" class=\"fig-ranking-profile-link\" data-fig-domain=\"LEFIGARO\" rel=\"nofollow noopener\" target=\"_blank\"><\/p>\n<p>        \u00abDizaines d\u2019appareils\u00bb, \u00abretranch\u00e9 dans une crevasse\u00bb, \u00abbalise activ\u00e9e\u00bb\u00a0: ce que l\u2019on sait du sauvetage du militaire am\u00e9ricain en Iran<\/p>\n<p>                                                <\/a><\/p>\n<p>        <img   class=\"fig-img fig-ranking-profile-media-small-picture__photo\" alt=\"\u00abDizaines d\u2019appareils\u00bb, \u00abretranch\u00e9 dans une crevasse\u00bb, \u00abbalise activ\u00e9e\u00bb\u00a0: ce que l\u2019on sait du sauvetage du militaire am\u00e9ricain en Iran\" height=\"2000\" width=\"3000\"\/><\/p>\n<p class=\"fig-ranking-profile-standfirst\">\n    \u00abCe courageux soldat se trouvait derri\u00e8re les lignes ennemies, dans les montagnes p\u00e9rilleuses d\u2019Iran, traqu\u00e9 par nos ennemis qui se rapprochaient d\u2019heure en heure\u00bb, a d\u00e9taill\u00e9 Donald Trump, ce dimanche.\n<\/p>\n<p>                                                                                                                                                                                                                                                            <a href=\"https:\/\/www.lefigaro.fr\/international\/l-ancien-chef-de-l-agence-internationale-de-l-energie-atomique-appelle-a-stopper-ce-fou-de-trump-20260405\" class=\"fig-ranking-profile-link\" data-fig-domain=\"LEFIGARO\" rel=\"nofollow noopener\" target=\"_blank\"><\/p>\n<p>        L\u2019ex-chef de l\u2019Agence internationale de l\u2019\u00e9nergie atomique appelle \u00e0 stopper ce \u00abfou\u00bb de Trump<\/p>\n<p>                                                <\/a><\/p>\n<p>        <img   class=\"fig-img fig-ranking-profile-media-small-picture__photo\" alt=\"L\u2019ex-chef de l\u2019Agence internationale de l\u2019\u00e9nergie atomique appelle \u00e0 stopper ce \u00abfou\u00bb de Trump\" height=\"2000\" width=\"3000\"\/><\/p>\n<p class=\"fig-ranking-profile-standfirst\">\n    Mohamed el-Baradei a dirig\u00e9 l\u2019AIEA de 1997 \u00e0 2009, ann\u00e9es au cours desquelles il a men\u00e9 de nombreuses n\u00e9gociations cruciales avec l\u2019Iran sur son programme nucl\u00e9aire.<\/p>\n","protected":false},"excerpt":{"rendered":"Chasseur am\u00e9ricain abattu pour la premi\u00e8re fois par l\u2019Iran\u00a0: Washington serait parvenu \u00e0 secourir un pilote, Trump \u00abbrief\u00e9\u00bb&hellip;\n","protected":false},"author":2,"featured_media":858587,"comment_status":"","ping_status":"","sticky":false,"template":"","format":"standard","meta":{"footnotes":"","_share_on_mastodon":"0"},"categories":[2],"tags":[11,86151,1011,27,1146,664,12404,12,25],"class_list":["post-858586","post","type-post","status-publish","format-standard","has-post-thumbnail","category-actualites","tag-actualites","tag-beyrouth","tag-fr","tag-france","tag-guerre","tag-israel","tag-liban","tag-news","tag-republique-francaise"],"share_on_mastodon":{"url":"https:\/\/pubeurope.com\/@fr\/116377198723267950","error":""},"_links":{"self":[{"href":"https:\/\/www.europesays.com\/fr\/wp-json\/wp\/v2\/posts\/858586","targetHints":{"allow":["GET"]}}],"collection":[{"href":"https:\/\/www.europesays.com\/fr\/wp-json\/wp\/v2\/posts"}],"about":[{"href":"https:\/\/www.europesays.com\/fr\/wp-json\/wp\/v2\/types\/post"}],"author":[{"embeddable":true,"href":"https:\/\/www.europesays.com\/fr\/wp-json\/wp\/v2\/users\/2"}],"replies":[{"embeddable":true,"href":"https:\/\/www.europesays.com\/fr\/wp-json\/wp\/v2\/comments?post=858586"}],"version-history":[{"count":0,"href":"https:\/\/www.europesays.com\/fr\/wp-json\/wp\/v2\/posts\/858586\/revisions"}],"wp:featuredmedia":[{"embeddable":true,"href":"https:\/\/www.europesays.com\/fr\/wp-json\/wp\/v2\/media\/858587"}],"wp:attachment":[{"href":"https:\/\/www.europesays.com\/fr\/wp-json\/wp\/v2\/media?parent=858586"}],"wp:term":[{"taxonomy":"category","embeddable":true,"href":"https:\/\/www.europesays.com\/fr\/wp-json\/wp\/v2\/categories?post=858586"},{"taxonomy":"post_tag","embeddable":true,"href":"https:\/\/www.europesays.com\/fr\/wp-json\/wp\/v2\/tags?post=858586"}],"curies":[{"name":"wp","href":"https:\/\/api.w.org\/{rel}","templated":true}]}}