{"id":85868,"date":"2025-05-09T03:24:08","date_gmt":"2025-05-09T03:24:08","guid":{"rendered":"https:\/\/www.europesays.com\/fr\/85868\/"},"modified":"2025-05-09T03:24:08","modified_gmt":"2025-05-09T03:24:08","slug":"trump-fait-appel-a-la-cour-supreme-pour-revoquer-le-statut-legal-de-plus-de-530-000-immigres","status":"publish","type":"post","link":"https:\/\/www.europesays.com\/fr\/85868\/","title":{"rendered":"Trump fait appel \u00e0 la Cour supr\u00eame pour r\u00e9voquer le statut l\u00e9gal de plus de 530.000 immigr\u00e9s"},"content":{"rendered":"<p><a href=\"https:\/\/www.20minutes.fr\/dossier\/donald_trump\" target=\"_blank\" class=\"color-ultramarine c-link\" rel=\"nofollow noopener\">Donald Trump<\/a> a demand\u00e9 jeudi \u00e0 la <a href=\"https:\/\/www.20minutes.fr\/monde\/cour_supreme\/\" target=\"_blank\" class=\"color-ultramarine c-link\" rel=\"nofollow noopener\">Cour supr\u00eame<\/a> de l\u2019autoriser \u00e0 r\u00e9voquer le statut l\u00e9gal de 532.000 immigr\u00e9s v\u00e9n\u00e9zu\u00e9liens, cubains, nicaraguayens et ha\u00eftiens. Sa demande fait suite \u00e0 la d\u00e9cision d\u2019une juge f\u00e9d\u00e9rale de Boston de suspendre l\u2019annulation par son administration d\u2019un programme sp\u00e9cial institu\u00e9 sous le pr\u00e9d\u00e9cesseur d\u00e9mocrate de Donald Trump, <a href=\"https:\/\/www.20minutes.fr\/dossier\/joe_biden\" target=\"_blank\" class=\"color-ultramarine c-link\" rel=\"nofollow noopener\">Joe Biden<\/a>, autorisant les ressortissants de ces quatre nationalit\u00e9s \u00e0 r\u00e9sider aux <a href=\"https:\/\/www.20minutes.fr\/monde\/etats-unis\/\" target=\"_blank\" class=\"color-ultramarine c-link\" rel=\"nofollow noopener\">Etats-Unis<\/a> pour deux ans en raison de la situation des <a href=\"https:\/\/www.20minutes.fr\/monde\/droits_de_l_homme-1\/\" target=\"_blank\" class=\"color-ultramarine c-link\" rel=\"nofollow noopener\">droits humains<\/a> dans leur pays respectif.<\/p>\n<p>Sans la suspension prononc\u00e9e par la juge, ces immigr\u00e9s auraient perdu le 24\u00a0avril leur droit de rester aux Etats-Unis. Cette magistrate a consid\u00e9r\u00e9 que l\u2019administration Trump avait interpr\u00e9t\u00e9 la loi de mani\u00e8re erron\u00e9e en appliquant une proc\u00e9dure d\u2019<a href=\"https:\/\/www.20minutes.fr\/dossier\/expulsion\" target=\"_blank\" class=\"color-ultramarine c-link\" rel=\"nofollow noopener\">expulsion<\/a> acc\u00e9l\u00e9r\u00e9e visant les \u00e9trangers entr\u00e9s ill\u00e9galement dans le pays mais pas ceux qui s\u2019y trouvent l\u00e9galement en vertu de programmes gouvernementaux.<\/p>\n<\/p>\n<p>Emp\u00eacher l\u2019invasion des Etats-Unis<\/p>\n<p>L\u2019administration Trump demande donc \u00e0 la Cour supr\u00eame, \u00e0 majorit\u00e9 conservatrice, de lever la suspension prononc\u00e9e par cette juge f\u00e9d\u00e9rale, lui reprochant d\u2019avoir \u00ab\u00a0annul\u00e9 l\u2019une des d\u00e9cisions les plus importantes du gouvernement en mati\u00e8re de politique d\u2019immigration\u00a0\u00bb.<\/p>\n<p><a href=\"https:\/\/www.20minutes.fr\/dossier\/immigration\" target=\"_blank\" class=\"c-link c-btn c-btn--primary\" rel=\"nofollow noopener\">Notre dossier sur l&rsquo;immigration<\/a><\/p>\n<p>Elle l\u2019accuse en outre \u00ab\u00a0d\u2019empi\u00e9ter sur les pr\u00e9rogatives du pouvoir ex\u00e9cutif dans la gestion du syst\u00e8me d\u2019immigration\u00a0\u00bb. Le pr\u00e9sident Donald Trump a \u00e9rig\u00e9 la lutte contre l\u2019immigration clandestine en priorit\u00e9 absolue, \u00e9voquant une \u00ab\u00a0invasion\u00a0\u00bb des Etats-Unis par des \u00ab\u00a0criminels venus de l\u2019\u00e9tranger\u00a0\u00bb et communiquant abondamment sur les expulsions d\u2019immigr\u00e9s.<\/p>\n","protected":false},"excerpt":{"rendered":"Donald Trump a demand\u00e9 jeudi \u00e0 la Cour supr\u00eame de l\u2019autoriser \u00e0 r\u00e9voquer le statut l\u00e9gal de 532.000&hellip;\n","protected":false},"author":2,"featured_media":85869,"comment_status":"","ping_status":"","sticky":false,"template":"","format":"standard","meta":{"footnotes":""},"categories":[5],"tags":[47,11,10658,19551,75,4625,73,5219,1011,27,7760,17986,14,457,74,12,19552,337,28],"class_list":{"0":"post-85868","1":"post","2":"type-post","3":"status-publish","4":"format-standard","5":"has-post-thumbnail","7":"category-international","8":"tag-actualite","9":"tag-actualites","10":"tag-cour-supreme","11":"tag-cuba","12":"tag-donald-trump","13":"tag-droits-humains","14":"tag-etats-unis","15":"tag-expulsion","16":"tag-fr","17":"tag-france","18":"tag-haiti","19":"tag-immigres","20":"tag-international","21":"tag-joe-biden","22":"tag-monde","23":"tag-news","24":"tag-nicaragua","25":"tag-venezuela","26":"tag-world"},"share_on_mastodon":{"url":"https:\/\/pubeurope.com\/@fr\/114475739746993902","error":""},"_links":{"self":[{"href":"https:\/\/www.europesays.com\/fr\/wp-json\/wp\/v2\/posts\/85868","targetHints":{"allow":["GET"]}}],"collection":[{"href":"https:\/\/www.europesays.com\/fr\/wp-json\/wp\/v2\/posts"}],"about":[{"href":"https:\/\/www.europesays.com\/fr\/wp-json\/wp\/v2\/types\/post"}],"author":[{"embeddable":true,"href":"https:\/\/www.europesays.com\/fr\/wp-json\/wp\/v2\/users\/2"}],"replies":[{"embeddable":true,"href":"https:\/\/www.europesays.com\/fr\/wp-json\/wp\/v2\/comments?post=85868"}],"version-history":[{"count":0,"href":"https:\/\/www.europesays.com\/fr\/wp-json\/wp\/v2\/posts\/85868\/revisions"}],"wp:featuredmedia":[{"embeddable":true,"href":"https:\/\/www.europesays.com\/fr\/wp-json\/wp\/v2\/media\/85869"}],"wp:attachment":[{"href":"https:\/\/www.europesays.com\/fr\/wp-json\/wp\/v2\/media?parent=85868"}],"wp:term":[{"taxonomy":"category","embeddable":true,"href":"https:\/\/www.europesays.com\/fr\/wp-json\/wp\/v2\/categories?post=85868"},{"taxonomy":"post_tag","embeddable":true,"href":"https:\/\/www.europesays.com\/fr\/wp-json\/wp\/v2\/tags?post=85868"}],"curies":[{"name":"wp","href":"https:\/\/api.w.org\/{rel}","templated":true}]}}