{"id":85870,"date":"2025-05-09T03:25:10","date_gmt":"2025-05-09T03:25:10","guid":{"rendered":"https:\/\/www.europesays.com\/fr\/85870\/"},"modified":"2025-05-09T03:25:10","modified_gmt":"2025-05-09T03:25:10","slug":"melenchon-va-porter-plainte-contre-jakubowicz-apres-une-comparaison-avec-goebbels-sur-bfmtv","status":"publish","type":"post","link":"https:\/\/www.europesays.com\/fr\/85870\/","title":{"rendered":"M\u00e9lenchon va porter plainte contre Jakubowicz apr\u00e8s une comparaison avec Goebbels sur BFMTV"},"content":{"rendered":"<p>Les propos de l\u2019avocat <a href=\"https:\/\/www.20minutes.fr\/societe\/4024618-20230220-pauvre-boomer-misogyne-alain-jakubowicz-fustige-gauche-apres-avoir-critique-tenue-deputee\" target=\"_blank\" class=\"color-ultramarine c-link\" rel=\"noopener\">Alain Jakubowicz<\/a>, tenus jeudi sur le plateau de <a href=\"https:\/\/www.20minutes.fr\/dossier\/bfm_tv\" target=\"_blank\" class=\"color-ultramarine c-link\" rel=\"noopener\">BFMTV<\/a>, ont d\u00e9clench\u00e9 une temp\u00eate politique et m\u00e9diatique. Invit\u00e9 de l\u2019\u00e9mission d\u2019Apolline de Malherbe, l\u2019ancien pr\u00e9sident de la Licra a compar\u00e9 <a href=\"https:\/\/www.20minutes.fr\/politique\/jean-luc-melenchon\/\" target=\"_blank\" class=\"color-ultramarine c-link\" rel=\"noopener\">Jean-Luc M\u00e9lenchon<\/a> \u00e0 Joseph Goebbels, ministre de la propagande de Hitler. Une analogie violente, formul\u00e9e en r\u00e9action \u00e0 la sortie du livre <a href=\"https:\/\/www.20minutes.fr\/politique\/4152171-20250506-lfi-ressort-deja-meute-livre-enquete-jean-luc-melenchon\" target=\"_blank\" class=\"color-ultramarine c-link\" rel=\"noopener\">La Meute<\/a>, enqu\u00eate critique sur les m\u00e9thodes internes de <a href=\"https:\/\/www.20minutes.fr\/politique\/france-insoumise\/\" target=\"_blank\" class=\"color-ultramarine c-link\" rel=\"noopener\">La France insoumise (LFI)<\/a>.<\/p>\n<p>\u00ab\u00a0\u00c7a raconte l\u2019histoire d\u2019un mouvement fasciste [\u2026]. Toutes proportions gard\u00e9es, je vois un parall\u00e8le \u2013 je sais que je vais me faire rentrer dedans, mais ce n\u2019est pas grave \u2013 entre M\u00e9lenchon et Goebbels\u00a0\u00bb, a-t-il lanc\u00e9, avant d\u2019ajouter\u00a0: \u00ab\u00a0L\u2019homme tout-puissant que le peuple doit suivre. C\u2019est fascinant et, en m\u00eame temps, \u00e7a fait froid dans le dos.\u00a0\u00bb Ces propos, \u00e9mis en fin d\u2019\u00e9mission, n\u2019ont suscit\u00e9 aucune r\u00e9action imm\u00e9diate sur le plateau.<\/p>\n<\/p>\n<p>M\u00e9lenchon va porter plainte<\/p>\n<p>La direction de <a href=\"https:\/\/www.20minutes.fr\/dossier\/bfm_tv\" target=\"_blank\" class=\"color-ultramarine c-link\" rel=\"noopener\">BFMTV<\/a> a rapidement r\u00e9agi, d\u00e9non\u00e7ant sur le r\u00e9seau X une sortie \u00ab\u00a0que la libert\u00e9 d\u2019expression ne justifie pas\u00a0\u00bb. Elle ajoute\u00a0: \u00ab\u00a0BFMTV d\u00e9plore les propos tenus ce matin sur son antenne par Alain Jakubowicz.\u00a0\u00bb La Soci\u00e9t\u00e9 des journalistes (SDJ) de la cha\u00eene s\u2019est \u00e9galement indign\u00e9e, estimant que \u00ab\u00a0rien ne justifie un tel rapprochement avec une figure du nazisme\u00a0\u00bb.<\/p>\n<p><a href=\"https:\/\/www.20minutes.fr\/politique\/jean-luc-melenchon\/\" target=\"_blank\" class=\"c-link c-btn c-btn--primary\" rel=\"noopener\">Tous nos articles sur Jean-Luc M\u00e9lenchon<\/a><\/p>\n<p>Jean-Luc M\u00e9lenchon a annonc\u00e9 le d\u00e9p\u00f4t d\u2019une plainte pour injure publique contre Alain Jakubowicz, jugeant l\u2019attaque d\u2019autant plus grave qu\u2019elle intervient le jour anniversaire de la capitulation de l\u2019Allemagne nazie. \u00ab\u00a0Il m\u2019a identifi\u00e9 \u00e0 Joseph Goebbels le criminel antis\u00e9mite. Il a \u00e9galement injuri\u00e9 notre mouvement politique, ses adh\u00e9rents et ses \u00e9lecteurs en traitant les insoumis de <a href=\"https:\/\/www.20minutes.fr\/dossier\/nazi\" target=\"_blank\" class=\"color-ultramarine c-link\" rel=\"noopener\">nazis<\/a>\u00a0\u00bb, a-t-il d\u00e9nonc\u00e9 sur X.<\/p>\n","protected":false},"excerpt":{"rendered":"Les propos de l\u2019avocat Alain Jakubowicz, tenus jeudi sur le plateau de BFMTV, ont d\u00e9clench\u00e9 une temp\u00eate politique&hellip;\n","protected":false},"author":2,"featured_media":85871,"comment_status":"","ping_status":"","sticky":false,"template":"","format":"standard","meta":{"footnotes":""},"categories":[4],"tags":[47,11,10831,1011,27,3081,1023,19553,16684,12,316,25],"class_list":{"0":"post-85870","1":"post","2":"type-post","3":"status-publish","4":"format-standard","5":"has-post-thumbnail","7":"category-france","8":"tag-actualite","9":"tag-actualites","10":"tag-bfmtv","11":"tag-fr","12":"tag-france","13":"tag-jean-luc-melenchon","14":"tag-la-france-insoumise-lfi","15":"tag-licra","16":"tag-nazisme","17":"tag-news","18":"tag-politique","19":"tag-republique-francaise"},"share_on_mastodon":{"url":"https:\/\/pubeurope.com\/@fr\/114475743484305937","error":""},"_links":{"self":[{"href":"https:\/\/www.europesays.com\/fr\/wp-json\/wp\/v2\/posts\/85870","targetHints":{"allow":["GET"]}}],"collection":[{"href":"https:\/\/www.europesays.com\/fr\/wp-json\/wp\/v2\/posts"}],"about":[{"href":"https:\/\/www.europesays.com\/fr\/wp-json\/wp\/v2\/types\/post"}],"author":[{"embeddable":true,"href":"https:\/\/www.europesays.com\/fr\/wp-json\/wp\/v2\/users\/2"}],"replies":[{"embeddable":true,"href":"https:\/\/www.europesays.com\/fr\/wp-json\/wp\/v2\/comments?post=85870"}],"version-history":[{"count":0,"href":"https:\/\/www.europesays.com\/fr\/wp-json\/wp\/v2\/posts\/85870\/revisions"}],"wp:featuredmedia":[{"embeddable":true,"href":"https:\/\/www.europesays.com\/fr\/wp-json\/wp\/v2\/media\/85871"}],"wp:attachment":[{"href":"https:\/\/www.europesays.com\/fr\/wp-json\/wp\/v2\/media?parent=85870"}],"wp:term":[{"taxonomy":"category","embeddable":true,"href":"https:\/\/www.europesays.com\/fr\/wp-json\/wp\/v2\/categories?post=85870"},{"taxonomy":"post_tag","embeddable":true,"href":"https:\/\/www.europesays.com\/fr\/wp-json\/wp\/v2\/tags?post=85870"}],"curies":[{"name":"wp","href":"https:\/\/api.w.org\/{rel}","templated":true}]}}