{"id":85876,"date":"2025-05-09T03:30:14","date_gmt":"2025-05-09T03:30:14","guid":{"rendered":"https:\/\/www.europesays.com\/fr\/85876\/"},"modified":"2025-05-09T03:30:14","modified_gmt":"2025-05-09T03:30:14","slug":"football-valenciennes-as-nancy-lorraine-que-la-fete-continue-sur-le-terrain","status":"publish","type":"post","link":"https:\/\/www.europesays.com\/fr\/85876\/","title":{"rendered":"Football. Valenciennes &#8211; AS Nancy Lorraine\u00a0: que la f\u00eate continue sur le terrain\u00a0!"},"content":{"rendered":"<p>Valenciennes &#8211; ASNL<\/p>\n<p>Ce vendredi, 19h30<\/p>\n<p>La bonne humeur \u00e9tait partout, cette semaine en For\u00eat de Haye, omnipr\u00e9sente, et c\u2019\u00e9tait bien normal apr\u00e8s la mont\u00e9e en Ligue 2 aur\u00e9ol\u00e9e du titre de champion du National, deux journ\u00e9es avant la fin du championnat. Mais on n\u2019a vu ni champagne, ni petits fours, ni confettis. L\u2019ASNL garde certainement \u00e7a pour le coup de sifflet final de cette merveilleuse saison, le 16\u00a0mai contre Rouen au <a href=\"https:\/\/www.estrepublicain.fr\/p\/stade-marcel-picot\" target=\"_blank\" rel=\"noopener\">stade Marcel-Picot<\/a>, puis \u00e0 l\u2019h\u00f4tel de ville pour une petite c\u00e9r\u00e9monie bien m\u00e9rit\u00e9e.<\/p>\n<p>Les s\u00e9ances ont eu un c\u00f4t\u00e9 un peu plus ludique que d\u2019habitude, forc\u00e9ment, avec l\u2019objectif brillamment atteint, mais <a href=\"https:\/\/www.estrepublicain.fr\/sport\/2025\/05\/03\/la-victoire-contre-nimes-la-montee-en-ligue-2-le-titre-de-champion-de-national-la-fete-a-picot-merci-l-as-nancy-lorraine\" target=\"_blank\" rel=\"noopener\">le champion nanc\u00e9ien<\/a> s\u2019est quand m\u00eame entra\u00een\u00e9 avec un minimum de s\u00e9rieux, \u00e0 la demande de <a href=\"https:\/\/www.estrepublicain.fr\/p\/pablo-correa\" target=\"_blank\" rel=\"noopener\">Pablo Correa<\/a>\u00a0: \u00ab\u00a0Dans le vestiaire, il r\u00e8gne une ambiance tr\u00e8s agr\u00e9able, avec La fiert\u00e9 du devoir accompli, apr\u00e8s avoir fourni beaucoup d\u2019efforts depuis le 8\u00a0juillet, date de la reprise. Je ne vais pas couper \u00e7a, le groupe a bien m\u00e9rit\u00e9 de&#8230;<\/p>\n","protected":false},"excerpt":{"rendered":"Valenciennes &#8211; ASNL Ce vendredi, 19h30 La bonne humeur \u00e9tait partout, cette semaine en For\u00eat de Haye, omnipr\u00e9sente,&hellip;\n","protected":false},"author":2,"featured_media":85877,"comment_status":"","ping_status":"","sticky":false,"template":"","format":"standard","meta":{"footnotes":""},"categories":[9635],"tags":[1111,11,3703,1707,1704,1706,1705,1777,674,107,1701,63,1011,27,775,1702,1703,12,25,517,1700],"class_list":{"0":"post-85876","1":"post","2":"type-post","3":"status-publish","4":"format-standard","5":"has-post-thumbnail","7":"category-nancy","8":"tag-actu","9":"tag-actualites","10":"tag-asnl","11":"tag-edition-luneville","12":"tag-edition-nancy-et-agglomeration","13":"tag-edition-pont-a-mousson","14":"tag-edition-toul","15":"tag-eu","16":"tag-europe","17":"tag-fil-info","18":"tag-fil-info-sport","19":"tag-football","20":"tag-fr","21":"tag-france","22":"tag-grand-est","23":"tag-nancy","24":"tag-nancy-ville-54b","25":"tag-news","26":"tag-republique-francaise","27":"tag-sport","28":"tag-sport-lorrain"},"share_on_mastodon":{"url":"https:\/\/pubeurope.com\/@fr\/114475763137463121","error":""},"_links":{"self":[{"href":"https:\/\/www.europesays.com\/fr\/wp-json\/wp\/v2\/posts\/85876","targetHints":{"allow":["GET"]}}],"collection":[{"href":"https:\/\/www.europesays.com\/fr\/wp-json\/wp\/v2\/posts"}],"about":[{"href":"https:\/\/www.europesays.com\/fr\/wp-json\/wp\/v2\/types\/post"}],"author":[{"embeddable":true,"href":"https:\/\/www.europesays.com\/fr\/wp-json\/wp\/v2\/users\/2"}],"replies":[{"embeddable":true,"href":"https:\/\/www.europesays.com\/fr\/wp-json\/wp\/v2\/comments?post=85876"}],"version-history":[{"count":0,"href":"https:\/\/www.europesays.com\/fr\/wp-json\/wp\/v2\/posts\/85876\/revisions"}],"wp:featuredmedia":[{"embeddable":true,"href":"https:\/\/www.europesays.com\/fr\/wp-json\/wp\/v2\/media\/85877"}],"wp:attachment":[{"href":"https:\/\/www.europesays.com\/fr\/wp-json\/wp\/v2\/media?parent=85876"}],"wp:term":[{"taxonomy":"category","embeddable":true,"href":"https:\/\/www.europesays.com\/fr\/wp-json\/wp\/v2\/categories?post=85876"},{"taxonomy":"post_tag","embeddable":true,"href":"https:\/\/www.europesays.com\/fr\/wp-json\/wp\/v2\/tags?post=85876"}],"curies":[{"name":"wp","href":"https:\/\/api.w.org\/{rel}","templated":true}]}}