{"id":85910,"date":"2025-05-09T03:54:15","date_gmt":"2025-05-09T03:54:15","guid":{"rendered":"https:\/\/www.europesays.com\/fr\/85910\/"},"modified":"2025-05-09T03:54:15","modified_gmt":"2025-05-09T03:54:15","slug":"un-nouveau-hall-redonne-coherence-architecturale-a-laeroport-de-marseille","status":"publish","type":"post","link":"https:\/\/www.europesays.com\/fr\/85910\/","title":{"rendered":"Un nouveau hall redonne coh\u00e9rence architecturale \u00e0 l\u2019a\u00e9roport de Marseille"},"content":{"rendered":"<p>\nLongtemps il a manqu\u00e9 quelque chose \u00e0 l&rsquo;a\u00e9roport de Marseille (<a title=\"L&#039;actualit\u00e9 BTP sur le d\u00e9partement des Bouches du Rh\u00f4ne\" href=\"https:\/\/www.lemoniteur.fr\/bouches-du-rhone\/\" rel=\"nofollow noopener\" target=\"\" class=\"lien-contextuel\">Bouches-du-Rh\u00f4ne<\/a>). Plusieurs, m\u00eame. A l&rsquo;issue d&rsquo;un chantier lanc\u00e9 en 2021, et dont les derni\u00e8res interventions s&rsquo;ach\u00e8vent en ce printemps 2025, son terminal 1 a retrouv\u00e9 une logique fonctionnelle, garantissant un meilleur accueil des voyageurs, et renou\u00e9 avec une coh\u00e9rence architecturale, tout en comblant un vide. La cr\u00e9ation de l&rsquo;a\u00e9rogare historique remontait \u00e0 1961. Un \u00e9difice de b\u00e9ton d&rsquo;une grande \u00e9l\u00e9gance g\u00e9om\u00e9trique, sorte de temple de l&rsquo;aviation \u00e0 colonnade, con\u00e7u par Fernand Pouillon (1912-1986), qui fut aussi l&rsquo;architecte du Vieux-Port. L&rsquo;\u00e9quipement s&rsquo;\u00e9tait agrandi pi\u00e8ce par pi\u00e8ce, au gr\u00e9 des besoins et ce, jusqu&rsquo;\u00e0 ce que le Britannique Richard Rogers (1933-2021) d\u00e9veloppe un long embarcad\u00e8re c\u00f4t\u00e9 pistes en 1992. C\u00f4t\u00e9 ville, une large parcelle \u00e9tait depuis demeur\u00e9e vacante.<\/p>\n<p>\u00ab R\u00e9ponse parfaite \u00bb<\/p>\n<p>\nEn 2017, A\u00e9roport Marseille Provence (AMP) lan\u00e7ait un concours pour la cr\u00e9ation d&rsquo;une extension du terminal 1, indispensable pour satisfaire \u00e0 la r\u00e9glementation en mati\u00e8re de contr\u00f4le des bagages. Il fallait construire l&rsquo;espace capable d&rsquo;abriter les volumineuses machines r\u00e9pondant aux normes. De plus, \u00ab le site, qui comportait trois zones d&rsquo;enregistrement, quatre de s\u00fbret\u00e9 et des commerces diss\u00e9min\u00e9s, devait gagner en lisibilit\u00e9, rappelle Denis Corsetti, directeur des op\u00e9rations \u00e0 AMP. C&rsquo;est parce que leur proposition r\u00e9pondait parfaitement \u00e0 notre programme que l&rsquo;\u00e9quipe de Foster+Partners a \u00e9t\u00e9 d\u00e9sign\u00e9e laur\u00e9ate. \u00bb Pour l&rsquo;occasion, l&rsquo;agence britannique s&rsquo;\u00e9tait \u00e0 nouveau associ\u00e9e avec les Fran\u00e7ais de Rougerie+Tangram.<\/p>\n<p>\nEnsemble, ils avaient r\u00e9alis\u00e9 des am\u00e9nagements du Vieux-Port, notamment sa fameuse ombri\u00e8re livr\u00e9e en 2013. Le bureau d&rsquo;ing\u00e9nierie WSP France et le planificateur a\u00e9roportuaire Airbiz compl\u00e9taient le groupement de ma\u00eetrise d&rsquo;\u0153uvre. \u00ab La force de leur projet, poursuit Denis Corsetti, r\u00e9side aussi dans sa capacit\u00e9 \u00e0 s&rsquo;int\u00e9grer dans l&rsquo;existant, et en particulier \u00e0 se greffer au b\u00e2timent de Fernand Pouillon. \u00bb Pour dessiner un volume unique \u00e0 m\u00eame de r\u00e9soudre les contraintes de fluidit\u00e9 du parcours voyageurs, depuis son entr\u00e9e dans le terminal jusqu&rsquo;\u00e0 son envol, \u00ab nous nous sommes concentr\u00e9s sur ce qui avait marqu\u00e9 le site, son expression initiale, donc le Pouillon, explique Fran\u00e7ois Curato, architecte partner de l&rsquo;agence Foster. Ses qualit\u00e9s majeures nous ont inspir\u00e9s : sa flexibilit\u00e9, permise par le nombre limit\u00e9 de points porteurs, et sa simplicit\u00e9. Le sens rigoureux des proportions, qui rel\u00e8ve du classicisme, nous a s\u00e9duits. Toutefois, il ne fallait pas cr\u00e9er un pastiche. \u00bb Les concepteurs souhaitaient donc que le nouveau b\u00e2timent assume sa pr\u00e9sence.<\/p>\n<p>Respect des proportions<\/p>\n<p>\nAu-dessus du volume de b\u00e9ton souterrain accueillant le contr\u00f4le des bagages, mis en service d\u00e8s 2023, la structure d&rsquo;acier du nouveau b\u00e2timent tranche par sa plus grande hauteur, avec sa fa\u00e7ade vitr\u00e9e de 22 m, et sa couleur anthracite. Mais il joue aussi sur le respect des proportions, avec sa trame large de 14,80 m, soit le double de celle du terminal d&rsquo;origine. \u00ab Les mod\u00e9natures de notre plafond, avec ses puits de lumi\u00e8re, sont aussi une r\u00e9interpr\u00e9tation des caissons de Pouillon \u00bb, ajoute l&rsquo;architecte J\u00e9r\u00f4me Guigon, qui dirige le p\u00f4le chantier chez Rougerie+Trangram.<\/p>\n<p>\nEnfin, les lignes pures de l&rsquo;\u00e9difice attestent d&rsquo;un m\u00eame sens de la ma\u00eetrise et d&rsquo;un minutieux travail d&rsquo;effacement des \u00e9l\u00e9ments techniques, par exemple dans l&rsquo;\u00e9paisseur du toit. Robin Thollot, directeur de la division B\u00e2timent Sud de WSP France, en plaisante d&rsquo;ailleurs : \u00ab Il y a une disparition compl\u00e8te du travail de l&rsquo;ing\u00e9nieur. Mais nous en sommes contents. \u00bb<\/p>\n<p>\n<img decoding=\"async\" src=\"data:image\/gif;base64,R0lGODdhAQABAPAAAMPDwwAAACwAAAAAAQABAAACAkQBADs=\" data-original=\"\/mediatheque\/2\/8\/6\/002434682.jpg\"\/> <img decoding=\"async\" src=\"data:image\/gif;base64,R0lGODdhAQABAPAAAMPDwwAAACwAAAAAAQABAAACAkQBADs=\" data-original=\"\/mediatheque\/3\/8\/6\/002434683.jpg\"\/> <img decoding=\"async\" src=\"data:image\/gif;base64,R0lGODdhAQABAPAAAMPDwwAAACwAAAAAAQABAAACAkQBADs=\" data-original=\"\/mediatheque\/4\/8\/6\/002434684.jpg\"\/> <img decoding=\"async\" src=\"data:image\/gif;base64,R0lGODdhAQABAPAAAMPDwwAAACwAAAAAAQABAAACAkQBADs=\" data-original=\"\/mediatheque\/5\/8\/6\/002434685.jpg\"\/> <img decoding=\"async\" src=\"data:image\/gif;base64,R0lGODdhAQABAPAAAMPDwwAAACwAAAAAAQABAAACAkQBADs=\" data-original=\"\/mediatheque\/6\/8\/6\/002434686.jpg\"\/> <img decoding=\"async\" src=\"data:image\/gif;base64,R0lGODdhAQABAPAAAMPDwwAAACwAAAAAAQABAAACAkQBADs=\" data-original=\"\/mediatheque\/7\/8\/6\/002434687.jpg\"\/> <img decoding=\"async\" src=\"data:image\/gif;base64,R0lGODdhAQABAPAAAMPDwwAAACwAAAAAAQABAAACAkQBADs=\" data-original=\"\/mediatheque\/8\/8\/6\/002434688.jpg\"\/> <img decoding=\"async\" src=\"data:image\/gif;base64,R0lGODdhAQABAPAAAMPDwwAAACwAAAAAAQABAAACAkQBADs=\" data-original=\"\/mediatheque\/9\/8\/6\/002434689.jpg\"\/><\/p>\n<blockquote class=\"editoOutOfText\">\n<p>\n<strong>Informations techniques<\/strong><\/p>\n<p>\n<b>Ma\u00eetrise d&rsquo;ouvrage <\/b>: A\u00e9roport Marseille Provence.<\/p>\n<p>\n<b>Groupement de ma\u00eetrise d&rsquo;\u0153uvre :<\/b> Foster + Partners (architecte, mandataire), Rougerie+Tangram (architecte, associ\u00e9), WSP France SAS (ing\u00e9nierie), Airbiz (planification a\u00e9roportuaire). BET : RFR (fa\u00e7ades), Cyprium (\u00e9conomie), EODD (environnement).<\/p>\n<p>\n<b>Groupement d&rsquo;entreprises :<\/b> GTM Sud (mandataire) et Travaux du Midi, filiales de Vinci Construction (construction), Martifer Metallic Constructions (charpente m\u00e9tallique et fa\u00e7ades vitr\u00e9es).<\/p>\n<p>\n<b>Surfaces <\/b>: 22 000 m\u00b2 SP neufs, 28 000 m\u00b2 r\u00e9habilit\u00e9s.<\/p>\n<p>\n<b>Calendrier<\/b> : concours en 2017, mise en service du b\u00e2timent passagers en juin 2024, ach\u00e8vement en mai 2025.<\/p>\n<p>\n<b>Co\u00fbt global<\/b> : 216 M\u20ac HT.<\/p>\n<\/blockquote>\n","protected":false},"excerpt":{"rendered":"Longtemps il a manqu\u00e9 quelque chose \u00e0 l&rsquo;a\u00e9roport de Marseille (Bouches-du-Rh\u00f4ne). Plusieurs, m\u00eame. A l&rsquo;issue d&rsquo;un chantier lanc\u00e9&hellip;\n","protected":false},"author":2,"featured_media":85911,"comment_status":"","ping_status":"","sticky":false,"template":"","format":"standard","meta":{"footnotes":""},"categories":[2814],"tags":[1111,11,1350,885,2598,1777,674,1011,27,884,1252,12,882,6234,19469,25,19562],"class_list":{"0":"post-85910","1":"post","2":"type-post","3":"status-publish","4":"format-standard","5":"has-post-thumbnail","7":"category-marseille","8":"tag-actu","9":"tag-actualites","10":"tag-architecture","11":"tag-bouches-du-rhone","12":"tag-equipement","13":"tag-eu","14":"tag-europe","15":"tag-fr","16":"tag-france","17":"tag-marseille","18":"tag-mediterranee","19":"tag-news","20":"tag-provence-alpes-cote-dazur","21":"tag-provence-alpes-cote-d","22":"tag-realisations","23":"tag-republique-francaise","24":"tag-travaux-d-extension"},"share_on_mastodon":{"url":"https:\/\/pubeurope.com\/@fr\/114475857666002364","error":""},"_links":{"self":[{"href":"https:\/\/www.europesays.com\/fr\/wp-json\/wp\/v2\/posts\/85910","targetHints":{"allow":["GET"]}}],"collection":[{"href":"https:\/\/www.europesays.com\/fr\/wp-json\/wp\/v2\/posts"}],"about":[{"href":"https:\/\/www.europesays.com\/fr\/wp-json\/wp\/v2\/types\/post"}],"author":[{"embeddable":true,"href":"https:\/\/www.europesays.com\/fr\/wp-json\/wp\/v2\/users\/2"}],"replies":[{"embeddable":true,"href":"https:\/\/www.europesays.com\/fr\/wp-json\/wp\/v2\/comments?post=85910"}],"version-history":[{"count":0,"href":"https:\/\/www.europesays.com\/fr\/wp-json\/wp\/v2\/posts\/85910\/revisions"}],"wp:featuredmedia":[{"embeddable":true,"href":"https:\/\/www.europesays.com\/fr\/wp-json\/wp\/v2\/media\/85911"}],"wp:attachment":[{"href":"https:\/\/www.europesays.com\/fr\/wp-json\/wp\/v2\/media?parent=85910"}],"wp:term":[{"taxonomy":"category","embeddable":true,"href":"https:\/\/www.europesays.com\/fr\/wp-json\/wp\/v2\/categories?post=85910"},{"taxonomy":"post_tag","embeddable":true,"href":"https:\/\/www.europesays.com\/fr\/wp-json\/wp\/v2\/tags?post=85910"}],"curies":[{"name":"wp","href":"https:\/\/api.w.org\/{rel}","templated":true}]}}