{"id":85912,"date":"2025-05-09T03:55:08","date_gmt":"2025-05-09T03:55:08","guid":{"rendered":"https:\/\/www.europesays.com\/fr\/85912\/"},"modified":"2025-05-09T03:55:08","modified_gmt":"2025-05-09T03:55:08","slug":"la-voiture-fait-une-sortie-de-route-et-percute-un-arbre-le-conducteur-et-son-passager-blesses","status":"publish","type":"post","link":"https:\/\/www.europesays.com\/fr\/85912\/","title":{"rendered":"la voiture fait une sortie de route et percute un arbre, le conducteur et son passager bless\u00e9s"},"content":{"rendered":"<p itemprop=\"description\"><strong>Le choc a \u00e9t\u00e9 violent.<\/strong><\/p>\n<p>Les sapeurs-pompiers du Rh\u00f4ne et le SAMU ont \u00e9t\u00e9 mobilis\u00e9s ce jeudi apr\u00e8s-midi sur la RD 488 \u00e0 Givors. Une voiture venait de faire une violente sortie de route. Le v\u00e9hicule avait ensuite percut\u00e9 un arbre et une benne.\u00a0<\/p>\n<p>Le conducteur et son passager ont \u00e9t\u00e9 pris en charge par les secours et h\u00e9liport\u00e9s vers des h\u00f4pitaux lyonnais. Le premier avait notamment son pronostic vital engag\u00e9 \u00e0 son arriv\u00e9e aux urgences.<\/p>\n<p>Un accident similaire avait d\u00e9j\u00e0 eu lieu sur cette route en janvier dernier. Il avait co\u00fbt\u00e9 la vie \u00e0 un automobiliste de 18 ans.<\/p>\n","protected":false},"excerpt":{"rendered":"Le choc a \u00e9t\u00e9 violent. Les sapeurs-pompiers du Rh\u00f4ne et le SAMU ont \u00e9t\u00e9 mobilis\u00e9s ce jeudi apr\u00e8s-midi&hellip;\n","protected":false},"author":2,"featured_media":85913,"comment_status":"","ping_status":"","sticky":false,"template":"","format":"standard","meta":{"footnotes":""},"categories":[1889],"tags":[1111,11,2813,2190,2430,1109,251,1112,2811,1777,674,118,1011,27,1922,1110,1114,2428,2810,12,241,316,25,2812,517,800],"class_list":{"0":"post-85912","1":"post","2":"type-post","3":"status-publish","4":"format-standard","5":"has-post-thumbnail","7":"category-lyon","8":"tag-actu","9":"tag-actualites","10":"tag-article","11":"tag-asvel","12":"tag-auvergne-rhone-alpes","13":"tag-breves","14":"tag-culture","15":"tag-depeches","16":"tag-economique","17":"tag-eu","18":"tag-europe","19":"tag-faits-divers","20":"tag-fr","21":"tag-france","22":"tag-info","23":"tag-informations","24":"tag-infos","25":"tag-lyon","26":"tag-lyonmag","27":"tag-news","28":"tag-ol","29":"tag-politique","30":"tag-republique-francaise","31":"tag-sociale","32":"tag-sport","33":"tag-transports"},"share_on_mastodon":{"url":"https:\/\/pubeurope.com\/@fr\/114475861484945900","error":""},"_links":{"self":[{"href":"https:\/\/www.europesays.com\/fr\/wp-json\/wp\/v2\/posts\/85912","targetHints":{"allow":["GET"]}}],"collection":[{"href":"https:\/\/www.europesays.com\/fr\/wp-json\/wp\/v2\/posts"}],"about":[{"href":"https:\/\/www.europesays.com\/fr\/wp-json\/wp\/v2\/types\/post"}],"author":[{"embeddable":true,"href":"https:\/\/www.europesays.com\/fr\/wp-json\/wp\/v2\/users\/2"}],"replies":[{"embeddable":true,"href":"https:\/\/www.europesays.com\/fr\/wp-json\/wp\/v2\/comments?post=85912"}],"version-history":[{"count":0,"href":"https:\/\/www.europesays.com\/fr\/wp-json\/wp\/v2\/posts\/85912\/revisions"}],"wp:featuredmedia":[{"embeddable":true,"href":"https:\/\/www.europesays.com\/fr\/wp-json\/wp\/v2\/media\/85913"}],"wp:attachment":[{"href":"https:\/\/www.europesays.com\/fr\/wp-json\/wp\/v2\/media?parent=85912"}],"wp:term":[{"taxonomy":"category","embeddable":true,"href":"https:\/\/www.europesays.com\/fr\/wp-json\/wp\/v2\/categories?post=85912"},{"taxonomy":"post_tag","embeddable":true,"href":"https:\/\/www.europesays.com\/fr\/wp-json\/wp\/v2\/tags?post=85912"}],"curies":[{"name":"wp","href":"https:\/\/api.w.org\/{rel}","templated":true}]}}