{"id":85914,"date":"2025-05-09T03:56:15","date_gmt":"2025-05-09T03:56:15","guid":{"rendered":"https:\/\/www.europesays.com\/fr\/85914\/"},"modified":"2025-05-09T03:56:15","modified_gmt":"2025-05-09T03:56:15","slug":"poignarde-au-cou-a-la-croix-rousse-pour-une-banale-histoire-de-voiture-emboutie","status":"publish","type":"post","link":"https:\/\/www.europesays.com\/fr\/85914\/","title":{"rendered":"poignard\u00e9 au cou \u00e0 la Croix-Rousse pour une banale histoire de voiture emboutie ?"},"content":{"rendered":"<p>Lyon : poignard\u00e9 au cou \u00e0 la Croix-Rousse pour une banale histoire de voiture emboutie ? &#8211; LyonMag<\/p>\n<p itemprop=\"description\"><strong>Dans la nuit de mercredi \u00e0 jeudi, une rixe a de nouveau d\u00e9g\u00e9n\u00e9r\u00e9 \u00e0 Lyon.<\/strong><\/p>\n<p>Cette fois, c&rsquo;est sur le plateau de la Croix-Rousse, dans le 4e arrondissement, que le sang a coul\u00e9.<\/p>\n<p>Aux environs de minuit, plusieurs jeunes individus en sont venus aux mains pour une histoire de d\u00e9gradations sur un v\u00e9hicule, sans davantage de contexte fourni par une source proche de l&rsquo;enqu\u00eate.<\/p>\n<p>C&rsquo;est \u00e0 ce moment-l\u00e0 qu&rsquo;une arme blanche a \u00e9t\u00e9 utilis\u00e9e, et que l&rsquo;un des hommes impliqu\u00e9s dans la bagarre a \u00e9t\u00e9 poignard\u00e9 au cou.<\/p>\n<p>Bless\u00e9e, la victime a \u00e9t\u00e9 hospitalis\u00e9e, mais ses jours ne sont pas en danger.<\/p>\n<p>Une enqu\u00eate a \u00e9t\u00e9 ouverte pour retrouver l&rsquo;auteur du coup de couteau et mieux cerner les circonstances de cette violente agression.<\/p>\n","protected":false},"excerpt":{"rendered":"Lyon : poignard\u00e9 au cou \u00e0 la Croix-Rousse pour une banale histoire de voiture emboutie ? &#8211; LyonMag&hellip;\n","protected":false},"author":2,"featured_media":85915,"comment_status":"","ping_status":"","sticky":false,"template":"","format":"standard","meta":{"footnotes":""},"categories":[1889],"tags":[1111,11,2813,2190,2430,1109,251,1112,2811,1777,674,118,1011,27,1922,1110,1114,2428,2810,12,241,316,25,2812,517,800],"class_list":{"0":"post-85914","1":"post","2":"type-post","3":"status-publish","4":"format-standard","5":"has-post-thumbnail","7":"category-lyon","8":"tag-actu","9":"tag-actualites","10":"tag-article","11":"tag-asvel","12":"tag-auvergne-rhone-alpes","13":"tag-breves","14":"tag-culture","15":"tag-depeches","16":"tag-economique","17":"tag-eu","18":"tag-europe","19":"tag-faits-divers","20":"tag-fr","21":"tag-france","22":"tag-info","23":"tag-informations","24":"tag-infos","25":"tag-lyon","26":"tag-lyonmag","27":"tag-news","28":"tag-ol","29":"tag-politique","30":"tag-republique-francaise","31":"tag-sociale","32":"tag-sport","33":"tag-transports"},"share_on_mastodon":{"url":"https:\/\/pubeurope.com\/@fr\/114475865365651061","error":""},"_links":{"self":[{"href":"https:\/\/www.europesays.com\/fr\/wp-json\/wp\/v2\/posts\/85914","targetHints":{"allow":["GET"]}}],"collection":[{"href":"https:\/\/www.europesays.com\/fr\/wp-json\/wp\/v2\/posts"}],"about":[{"href":"https:\/\/www.europesays.com\/fr\/wp-json\/wp\/v2\/types\/post"}],"author":[{"embeddable":true,"href":"https:\/\/www.europesays.com\/fr\/wp-json\/wp\/v2\/users\/2"}],"replies":[{"embeddable":true,"href":"https:\/\/www.europesays.com\/fr\/wp-json\/wp\/v2\/comments?post=85914"}],"version-history":[{"count":0,"href":"https:\/\/www.europesays.com\/fr\/wp-json\/wp\/v2\/posts\/85914\/revisions"}],"wp:featuredmedia":[{"embeddable":true,"href":"https:\/\/www.europesays.com\/fr\/wp-json\/wp\/v2\/media\/85915"}],"wp:attachment":[{"href":"https:\/\/www.europesays.com\/fr\/wp-json\/wp\/v2\/media?parent=85914"}],"wp:term":[{"taxonomy":"category","embeddable":true,"href":"https:\/\/www.europesays.com\/fr\/wp-json\/wp\/v2\/categories?post=85914"},{"taxonomy":"post_tag","embeddable":true,"href":"https:\/\/www.europesays.com\/fr\/wp-json\/wp\/v2\/tags?post=85914"}],"curies":[{"name":"wp","href":"https:\/\/api.w.org\/{rel}","templated":true}]}}