{"id":85932,"date":"2025-05-09T04:07:15","date_gmt":"2025-05-09T04:07:15","guid":{"rendered":"https:\/\/www.europesays.com\/fr\/85932\/"},"modified":"2025-05-09T04:07:15","modified_gmt":"2025-05-09T04:07:15","slug":"19-enfants-blesses-dans-lincendie-dun-chapiteau-de-cirque-en-allemagne","status":"publish","type":"post","link":"https:\/\/www.europesays.com\/fr\/85932\/","title":{"rendered":"19 enfants bless\u00e9s dans l&rsquo;incendie d&rsquo;un chapiteau de cirque en Allemagne"},"content":{"rendered":"<p class=\"ap-StoryElement ap-StoryElement--mb ap-StoryText\">On n&rsquo;est pas pass\u00e9 loin d&rsquo;un terrible drame ce jeudi en Allemagne, dans la ville d&rsquo;Aldenhoven, o\u00f9 un stage de cirque se d\u00e9roulait. Selon la police, les enfants pratiquaient des num\u00e9ros de cirque. La paroi de la tente a probablement pris feu \u00e0 cause de l&rsquo;acte avec le feu.  Dans le chapiteau, mis \u00e0 disposition par une compagnie de cirque, plus d&rsquo;une centaine d&rsquo;enfants \u00e9taient pr\u00e9sents.<\/p>\n<p class=\"ap-StoryElement ap-StoryElement--mb ap-StoryText\">Le cracheur de feu a subi des br\u00fblures au deuxi\u00e8me degr\u00e9 et a \u00e9t\u00e9 transport\u00e9 \u00e0 l&rsquo;h\u00f4pital. Deux enfants ont \u00e9galement \u00e9t\u00e9 hospitalis\u00e9s. Dix-sept mineurs ont \u00e9t\u00e9 pris en charge sur place. Selon le site d&rsquo;information Tag24, le chapiteau appartient au cirque Lollipop, qui a fait la une des journaux \u00e0 plusieurs reprises. L&rsquo;exploitant purge une peine de prison de 3,5 ans apr\u00e8s avoir commis des violences \u00e0 l&rsquo;encontre d&rsquo;un employ\u00e9.<\/p>\n","protected":false},"excerpt":{"rendered":"On n&rsquo;est pas pass\u00e9 loin d&rsquo;un terrible drame ce jeudi en Allemagne, dans la ville d&rsquo;Aldenhoven, o\u00f9 un&hellip;\n","protected":false},"author":2,"featured_media":85933,"comment_status":"","ping_status":"","sticky":false,"template":"","format":"standard","meta":{"footnotes":""},"categories":[1587],"tags":[11,672,19563,1804,19564,19565,10006,19566,4511,19567,1805,19568,1803,19569,19570,1777,674,19571,19572,19573,19574,19575,19576,19577,19578,19579,1801,19580,11504,10356,1996,12,19581,8640,19582,1802,19583,19584,19585,19586,7347,10364,3737,19587,19588,19589,19590,19591,809,19592,19593],"class_list":{"0":"post-85932","1":"post","2":"type-post","3":"status-publish","4":"format-standard","5":"has-post-thumbnail","7":"category-allemagne","8":"tag-actualites","9":"tag-allemagne","10":"tag-arson","11":"tag-bundesrepublik-deutschland","12":"tag-car","13":"tag-caution","14":"tag-city","15":"tag-cross","16":"tag-danger","17":"tag-dangerous","18":"tag-de","19":"tag-deletion","20":"tag-deutschland","21":"tag-disaster","22":"tag-emergency","23":"tag-eu","24":"tag-europe","25":"tag-extinguish","26":"tag-extinguishing-water","27":"tag-fire-crack","28":"tag-fire-department","29":"tag-fire-engine","30":"tag-firefighter","31":"tag-flame","32":"tag-flames","33":"tag-german","34":"tag-germany","35":"tag-hot","36":"tag-house","37":"tag-industry","38":"tag-mission","39":"tag-news","40":"tag-panorama","41":"tag-press","42":"tag-red","43":"tag-republique-federale-dallemagne","44":"tag-rescue","45":"tag-rescue-mission","46":"tag-roof-fire","47":"tag-safety","48":"tag-scene","49":"tag-security","50":"tag-service","51":"tag-sign","52":"tag-smoke","53":"tag-smoke-poisoning","54":"tag-symbol","55":"tag-truck","56":"tag-violence","57":"tag-volunteer","58":"tag-window"},"share_on_mastodon":{"url":"","error":"Validation failed: Text character limit of 500 exceeded"},"_links":{"self":[{"href":"https:\/\/www.europesays.com\/fr\/wp-json\/wp\/v2\/posts\/85932","targetHints":{"allow":["GET"]}}],"collection":[{"href":"https:\/\/www.europesays.com\/fr\/wp-json\/wp\/v2\/posts"}],"about":[{"href":"https:\/\/www.europesays.com\/fr\/wp-json\/wp\/v2\/types\/post"}],"author":[{"embeddable":true,"href":"https:\/\/www.europesays.com\/fr\/wp-json\/wp\/v2\/users\/2"}],"replies":[{"embeddable":true,"href":"https:\/\/www.europesays.com\/fr\/wp-json\/wp\/v2\/comments?post=85932"}],"version-history":[{"count":0,"href":"https:\/\/www.europesays.com\/fr\/wp-json\/wp\/v2\/posts\/85932\/revisions"}],"wp:featuredmedia":[{"embeddable":true,"href":"https:\/\/www.europesays.com\/fr\/wp-json\/wp\/v2\/media\/85933"}],"wp:attachment":[{"href":"https:\/\/www.europesays.com\/fr\/wp-json\/wp\/v2\/media?parent=85932"}],"wp:term":[{"taxonomy":"category","embeddable":true,"href":"https:\/\/www.europesays.com\/fr\/wp-json\/wp\/v2\/categories?post=85932"},{"taxonomy":"post_tag","embeddable":true,"href":"https:\/\/www.europesays.com\/fr\/wp-json\/wp\/v2\/tags?post=85932"}],"curies":[{"name":"wp","href":"https:\/\/api.w.org\/{rel}","templated":true}]}}