{"id":85934,"date":"2025-05-09T04:08:11","date_gmt":"2025-05-09T04:08:11","guid":{"rendered":"https:\/\/www.europesays.com\/fr\/85934\/"},"modified":"2025-05-09T04:08:11","modified_gmt":"2025-05-09T04:08:11","slug":"a-la-rochelle-france-et-europe-ont-un-atout-dans-la-course-aux-terres-rares","status":"publish","type":"post","link":"https:\/\/www.europesays.com\/fr\/85934\/","title":{"rendered":"\u00c0 La Rochelle, France et Europe ont un atout dans la \u201ccourse aux terres rares\u201d"},"content":{"rendered":"\n<p>\u201cSi on ne le fait pas aujourd\u2019hui, on ne le fera jamais.\u201d<strong> <\/strong>Philippe Kehren, PDG du groupe de chimie belge Solvay, n\u2019aurait pu imaginer un meilleur moment que ce d\u00e9but du mois d\u2019avril pour inaugurer la nouvelle ligne de recyclage de terres rares de son usine fran\u00e7aise de La\u00a0Rochelle. Quelques jours plus t\u00f4t, en r\u00e9action aux <a href=\"https:\/\/www.courrierinternational.com\/sujet\/droits-de-douane\" rel=\"nofollow noopener\" target=\"_blank\">droits de douane<\/a> am\u00e9ricains, la Chine avait en effet annonc\u00e9 <a href=\"https:\/\/www.courrierinternational.com\/article\/vu-de-chine-droits-de-douane-pekin-pret-a-combattre-les-etas-unis-jusqu-au-bout_229618_1\" rel=\"nofollow noopener\" target=\"_blank\">r\u00e9duire consid\u00e9rablement ses exportations de terres rares<\/a>. Pour ceux qui avaient encore des doutes, le r\u00e9veil est brutal\u00a0: P\u00e9kin contr\u00f4le d\u2019une main intransigeante l\u2019approvisionnement mondial de ces mati\u00e8res premi\u00e8res strat\u00e9giques et n\u2019h\u00e9site pas \u00e0 s\u2019en servir comme d\u2019une arme de guerre commerciale.<\/p>\n<p>Fi\u00e8vre protectionniste, ins\u00e9curit\u00e9 g\u00e9opolitique croissante\u00a0: dans le contexte actuel, l\u2019Europe doit reprendre en main l\u2019approvisionnement et le raffinage des terres rares, explique M.\u00a0Kehren aux investisseurs, journalistes et repr\u00e9sentants des pouvoirs publics qui sont pr\u00e9sents. Dans <a href=\"https:\/\/www.courrierinternational.com\/article\/cote-atlantique-revoir-la-rochelle-et-revivre\" rel=\"nofollow noopener\" target=\"_blank\">cette ville pittoresque du littoral atlantique<\/a>, une ville p\u00e9trie d\u2019histoire au patrimoine magnifiquement pr\u00e9serv\u00e9, Solvay entend bien contribuer activement \u00e0 \u00e9crire l\u2019avenir.<\/p>\n<p>Depuis le 8\u00a0avril, le g\u00e9ant belge de la chimie y recycle des aimants permanents usag\u00e9s pour en extraire des terres rares, du n\u00e9odyme et du pras\u00e9odyme, qu\u2019il revend ensuite \u00e0 des fabricants d\u2019aimants permanents. Indispensables \u00e0 la transition \u00e9nerg\u00e9tique, ces aimants servent notamment \u00e0 fabriquer des moteurs \u00e9lectriques et des \u00e9oliennes en mer. <a class=\"ithalc\" data-ithal=\"lien_externe\" data-ithalc=\"[nav_article]\" target=\"_blank\" href=\"https:\/\/www.solvay.com\/fr\/france\/la-rochelle\" rel=\"nofollow noopener\">Selon le site Internet de Solvay<\/a>, l\u2019installation implant\u00e9e de longue date \u00e0 La\u00a0Rochelle, avec ses 40\u00a0hectares et sa kyrielle de b\u00e2timents, dont certains hangars en t\u00f4le ondul\u00e9e rouill\u00e9e sont aujourd\u2019hui d\u00e9saffect\u00e9s, est \u00e0 ce jour la principale usine de terres rares hors de Chine et la seule usine d\u2019Europe capable de produire \u00e0 l\u2019\u00e9chelle industrielle des terres rares aussi bien l\u00e9g\u00e8res que lourdes.<\/p>\n<p> Le boom des voitures \u00e9lectriques et des \u00e9oliennes <\/p>\n<p>Des aimants r\u00e9duits en poudre y sont achemin\u00e9s dans de gros sacs. Les terres rares qu\u2019ils contiennent sont extraites \u00e0 l\u2019aide de solvants dans les centaines de cuves en acier inoxydable, reli\u00e9es par un d\u00e9dale de tuyaux, qui occupent un vaste b\u00e2timent. Progressivement, les terres rares sont ainsi s\u00e9par\u00e9es et purifi\u00e9es jusqu\u2019\u00e0 obtention d\u2019un liquide color\u00e9, lequel est ensuite cristallis\u00e9. Une toute petite bouteille de la poudre d\u2019oxydes de terres rares obtenue p\u00e8se diablement lourd pour son volume.<\/p>\n<p>Sur ce site qui emploie 300\u00a0personnes, cela fait des ann\u00e9es que Solvay raffine des terres rares comme le c\u00e9rium, utilis\u00e9 dans les catalyseurs automobiles pour r\u00e9duire la toxicit\u00e9 des<\/p>\n","protected":false},"excerpt":{"rendered":"\u201cSi on ne le fait pas aujourd\u2019hui, on ne le fera jamais.\u201d Philippe Kehren, PDG du groupe de&hellip;\n","protected":false},"author":2,"featured_media":85935,"comment_status":"","ping_status":"","sticky":false,"template":"","format":"standard","meta":{"footnotes":""},"categories":[1586],"tags":[11,1777,674,1011,27,1074,3821,12469,12,25,2542,2475],"class_list":{"0":"post-85934","1":"post","2":"type-post","3":"status-publish","4":"format-standard","5":"has-post-thumbnail","7":"category-europe","8":"tag-actualites","9":"tag-eu","10":"tag-europe","11":"tag-fr","12":"tag-france","13":"tag-guerre-commerciale","14":"tag-la-france-vue-de-lu2019u00e9tranger","15":"tag-minerais","16":"tag-news","17":"tag-republique-francaise","18":"tag-u00e9conomie","19":"tag-union-europu00e9enne"},"share_on_mastodon":{"url":"https:\/\/pubeurope.com\/@fr\/114475912683391607","error":""},"_links":{"self":[{"href":"https:\/\/www.europesays.com\/fr\/wp-json\/wp\/v2\/posts\/85934","targetHints":{"allow":["GET"]}}],"collection":[{"href":"https:\/\/www.europesays.com\/fr\/wp-json\/wp\/v2\/posts"}],"about":[{"href":"https:\/\/www.europesays.com\/fr\/wp-json\/wp\/v2\/types\/post"}],"author":[{"embeddable":true,"href":"https:\/\/www.europesays.com\/fr\/wp-json\/wp\/v2\/users\/2"}],"replies":[{"embeddable":true,"href":"https:\/\/www.europesays.com\/fr\/wp-json\/wp\/v2\/comments?post=85934"}],"version-history":[{"count":0,"href":"https:\/\/www.europesays.com\/fr\/wp-json\/wp\/v2\/posts\/85934\/revisions"}],"wp:featuredmedia":[{"embeddable":true,"href":"https:\/\/www.europesays.com\/fr\/wp-json\/wp\/v2\/media\/85935"}],"wp:attachment":[{"href":"https:\/\/www.europesays.com\/fr\/wp-json\/wp\/v2\/media?parent=85934"}],"wp:term":[{"taxonomy":"category","embeddable":true,"href":"https:\/\/www.europesays.com\/fr\/wp-json\/wp\/v2\/categories?post=85934"},{"taxonomy":"post_tag","embeddable":true,"href":"https:\/\/www.europesays.com\/fr\/wp-json\/wp\/v2\/tags?post=85934"}],"curies":[{"name":"wp","href":"https:\/\/api.w.org\/{rel}","templated":true}]}}