{"id":85940,"date":"2025-05-09T04:12:12","date_gmt":"2025-05-09T04:12:12","guid":{"rendered":"https:\/\/www.europesays.com\/fr\/85940\/"},"modified":"2025-05-09T04:12:12","modified_gmt":"2025-05-09T04:12:12","slug":"pourquoi-la-france-cajole-t-elle-autant-la-pologne","status":"publish","type":"post","link":"https:\/\/www.europesays.com\/fr\/85940\/","title":{"rendered":"Pourquoi la France cajole-t-elle autant la Pologne\u00a0?"},"content":{"rendered":"<p>Longtemps marginalis\u00e9e par les principaux pays de l\u2019UE, la Pologne est devenue, ces derni\u00e8res ann\u00e9es, un acteur incontournable du flanc est dans les d\u00e9cisions europ\u00e9ennes li\u00e9es \u00e0 la s\u00e9curit\u00e9, \u00e0 l\u2019Ukraine et \u00e0 la Russie.<\/p>\n<p>Le contexte d\u2019une relation d\u00e9grad\u00e9e entre les \u00c9tats-Unis et l\u2019UE pousse, en outre, Paris et Varsovie \u00e0 se rapprocher. \u00ab La France a pris conscience que la Pologne est un partenaire essentiel dans un environnement \u00e0 risque \u00e9lev\u00e9 \u00bb, r\u00e9sume Pierre Buhler, ancien ambassadeur de France en Pologne et auteur de \u00ab Pologne, histoire d\u2019une ambition \u00bb. \u00ab C\u2019\u00e9tait une anomalie de consid\u00e9rer que nous avions un trait\u00e9 privil\u00e9gi\u00e9 avec l\u2019Allemagne, que nous avions rehauss\u00e9 notre relation avec l\u2019Italie et l\u2019Espagne, et qu\u2019avec l\u2019un des autres tr\u00e8s grands partenaires europ\u00e9ens, \u00e0 savoir la Pologne, nous n\u2019avions pas ce genre d\u2019intimit\u00e9 consacr\u00e9e par un trait\u00e9 \u00bb, souligne-t-on de source \u00e9lys\u00e9enne.<\/p>\n<p>Renforcer la coordination militaire<\/p>\n<p>Resserrer les liens avec Varsovie doit permettre \u00e0 Paris de renforcer la coordination militaire et diplomatique dans la r\u00e9gion, \u00e9vitant aussi de laisser les \u00c9tats-Unis dominer seuls le dialogue avec les Polonais.<\/p>\n<p>\u00ab Paris est d\u00e9j\u00e0 partenaire avec des pays comme l\u2019Estonie et la Roumanie \u00bb, rappelle L\u00e9o P\u00e9ria-Peign\u00e9, expert \u00e0 l\u2019Institut fran\u00e7ais des relations internationales (Ifri). Mais ces pays ont des capacit\u00e9s militaires \u00ab beaucoup plus limit\u00e9es \u00bb quand la Pologne entend se doter \u00ab de la plus importante arm\u00e9e de terre d\u2019Europe d\u2019ici dix ans \u00bb, note-t-il.<\/p>\n<p>En 2024, l\u2019arm\u00e9e polonaise comptait 216 000 militaires, selon les donn\u00e9es de l\u2019Otan, soit d\u00e9j\u00e0 davantage que les arm\u00e9es fran\u00e7aise (205 000) et allemande (186 000). Et elle ambitionne d\u2019atteindre 300 000 hommes en 2035.<\/p>\n<p>Poids de la dissuasion<\/p>\n<p>Ultra-d\u00e9pendante de Washington dans la fourniture d\u2019\u00e9quipements de d\u00e9fense, mais aussi de S\u00e9oul, \u00ab Varsovie ne veut plus mettre tous ses \u0153ufs dans le m\u00eame panier \u00bb, explique Pierre Buhler. Or, la France dispose d\u2019une \u00ab solide exp\u00e9rience op\u00e9rationnelle \u00bb dans le domaine militaire, note L\u00e9o P\u00e9ria-Peign\u00e9, qui rel\u00e8ve aussi \u00ab les enjeux li\u00e9s \u00e0 la dissuasion nucl\u00e9aire \u00bb dont les Polonais, \u00e0 la recherche de garanties de s\u00e9curit\u00e9 suppl\u00e9mentaires, \u00ab parlent de plus en plus \u00bb.<\/p>\n<p>\u00ab Il s\u2019agit d\u2019indiquer clairement dans ce trait\u00e9 que la s\u00e9curit\u00e9 de la Pologne fait partie de la dimension de s\u00e9curit\u00e9 europ\u00e9enne \u00e9voqu\u00e9e par Emmanuel Macron \u00bb, estime Marek Swierczynski, expert au centre de r\u00e9flexion Polityka Insight, bas\u00e9e \u00e0 Varsovie. \u00ab C\u2019est probablement l\u2019\u00e9l\u00e9ment le plus important de l\u2019accord \u00bb, opine-t-il.<\/p>\n<p>Emmanuel Macron a r\u00e9cemment rappel\u00e9 la dimension europ\u00e9enne des int\u00e9r\u00eats vitaux de la France, laissant entendre que <a href=\"https:\/\/www.letelegramme.fr\/monde\/guerre-ukraine-russie\/guerre-en-ukraine-si-poutine-nest-pas-freine-il-ira-a-coup-sur-sur-la-moldavie-et-peut-etre-sur-la-roumanie-alerte-macron-6769381.php\" target=\"_blank\" rel=\"noopener\">le parapluie nucl\u00e9aire fran\u00e7ais pourrait jouer pour la d\u00e9fense du continent<\/a>. \u00ab L\u2019engagement de la France envers la Pologne par le biais d\u2019un tel trait\u00e9, et notamment l\u2019inclusion d\u2019une clause bilat\u00e9rale de d\u00e9fense mutuelle, constituerait une confirmation qui faisait d\u00e9faut depuis longtemps aux niveaux politique et strat\u00e9gique du c\u00f4t\u00e9 fran\u00e7ais \u00bb, poursuit Marek Swierczynski, \u00e0 savoir \u00ab un engagement total dans la d\u00e9fense de l\u2019Europe contre la Russie et un engagement total envers les pays de l\u2019est du continent \u00bb.<\/p>\n<p>Nouveau march\u00e9 ?<\/p>\n<p>Paris esp\u00e8re que ce rapprochement d\u00e9bouchera aussi sur un nouveau march\u00e9 pour son industrie de d\u00e9fense au moment o\u00f9 Varsovie cherche \u00e0 se doter d\u2019avions de transport, d\u2019avions-ravitailleurs ou encore de sous-marins.<\/p>\n<blockquote><p>Les Polonais sont tr\u00e8s \u00e9branl\u00e9s par la versatilit\u00e9 de Donald Trump sur l\u2019Ukraine<\/p><\/blockquote>\n<p>Si la France pousse pour une Europe de la d\u00e9fense, Varsovie est historiquement m\u00e9fiante envers toute id\u00e9e d\u2019autonomie strat\u00e9gique per\u00e7ue comme un \u00e9loignement de l\u2019Otan.<\/p>\n<p>Mais le retour de Donald Trump \u00e0 la Maison Blanche et <a href=\"https:\/\/www.letelegramme.fr\/monde\/lue-a-ete-concue-pour-emmerder-les-etats-unis-trump-annonce-que-les-produits-europeens-seront-prochainement-taxes-a-25-6767672.php\" target=\"_blank\" rel=\"noopener\">ses critiques envers les Europ\u00e9ens<\/a> ont rebattu les cartes. \u00ab Les Polonais sont tr\u00e8s \u00e9branl\u00e9s par la versatilit\u00e9 du pr\u00e9sident am\u00e9ricain sur l\u2019Ukraine \u00bb, indique Pierre Buhler. \u00ab Au-del\u00e0 du contexte de guerre en Ukraine, il y a ainsi le contexte de la fragilisation du lien transatlantique \u00bb, dit-il.<\/p>\n<p>Alors que Donald Trump mart\u00e8le que l\u2019Europe doit prendre ses responsabilit\u00e9s, \u00ab la Pologne affirme : \u201cOui, nous prenons nos responsabilit\u00e9s en concluant une alliance avec le pays le plus puissant d\u2019Europe continentale\u201d \u00bb, analyse Marek Swierczynski.<\/p>\n<p>La signature du trait\u00e9 de Nancy, au-del\u00e0 du symbole, sera aussi \u00ab un outil de communication strat\u00e9gique \u00bb, puisqu\u2019elle se d\u00e9roulera le jour m\u00eame du d\u00e9fil\u00e9 annuel comm\u00e9morant la victoire sur l\u2019Allemagne nazie \u00e0 Moscou.<\/p>\n","protected":false},"excerpt":{"rendered":"Longtemps marginalis\u00e9e par les principaux pays de l\u2019UE, la Pologne est devenue, ces derni\u00e8res ann\u00e9es, un acteur incontournable&hellip;\n","protected":false},"author":2,"featured_media":85941,"comment_status":"","ping_status":"","sticky":false,"template":"","format":"standard","meta":{"footnotes":""},"categories":[4],"tags":[11,765,1011,27,74,12,2437,25],"class_list":{"0":"post-85940","1":"post","2":"type-post","3":"status-publish","4":"format-standard","5":"has-post-thumbnail","7":"category-france","8":"tag-actualites","9":"tag-en-continu","10":"tag-fr","11":"tag-france","12":"tag-monde","13":"tag-news","14":"tag-pologne","15":"tag-republique-francaise"},"share_on_mastodon":{"url":"https:\/\/pubeurope.com\/@fr\/114475928343812171","error":""},"_links":{"self":[{"href":"https:\/\/www.europesays.com\/fr\/wp-json\/wp\/v2\/posts\/85940","targetHints":{"allow":["GET"]}}],"collection":[{"href":"https:\/\/www.europesays.com\/fr\/wp-json\/wp\/v2\/posts"}],"about":[{"href":"https:\/\/www.europesays.com\/fr\/wp-json\/wp\/v2\/types\/post"}],"author":[{"embeddable":true,"href":"https:\/\/www.europesays.com\/fr\/wp-json\/wp\/v2\/users\/2"}],"replies":[{"embeddable":true,"href":"https:\/\/www.europesays.com\/fr\/wp-json\/wp\/v2\/comments?post=85940"}],"version-history":[{"count":0,"href":"https:\/\/www.europesays.com\/fr\/wp-json\/wp\/v2\/posts\/85940\/revisions"}],"wp:featuredmedia":[{"embeddable":true,"href":"https:\/\/www.europesays.com\/fr\/wp-json\/wp\/v2\/media\/85941"}],"wp:attachment":[{"href":"https:\/\/www.europesays.com\/fr\/wp-json\/wp\/v2\/media?parent=85940"}],"wp:term":[{"taxonomy":"category","embeddable":true,"href":"https:\/\/www.europesays.com\/fr\/wp-json\/wp\/v2\/categories?post=85940"},{"taxonomy":"post_tag","embeddable":true,"href":"https:\/\/www.europesays.com\/fr\/wp-json\/wp\/v2\/tags?post=85940"}],"curies":[{"name":"wp","href":"https:\/\/api.w.org\/{rel}","templated":true}]}}