{"id":85944,"date":"2025-05-09T04:16:10","date_gmt":"2025-05-09T04:16:10","guid":{"rendered":"https:\/\/www.europesays.com\/fr\/85944\/"},"modified":"2025-05-09T04:16:10","modified_gmt":"2025-05-09T04:16:10","slug":"pronostic-francisco-cerundolo-nicolas-jarry-atp-rome","status":"publish","type":"post","link":"https:\/\/www.europesays.com\/fr\/85944\/","title":{"rendered":"Pronostic Francisco Cerundolo Nicol\u00e1s Jarry &#8211; ATP Rome"},"content":{"rendered":"<p class=\"text-xs leading-5 text-gray-400 mb-2\">\n                        Publi\u00e9 le 08\/05\/2025 09:39<br \/>\n                        \u00a0par<br \/>\n                                                            <a href=\"https:\/\/www.sportytrader.com\/auteur\/leo-measson-54\/\" target=\"_blank\" rel=\"noopener\">L\u00e9o Measson<\/a><\/p>\n<p>                                                    |<br \/>\n                            Modifi\u00e9 le<br \/>\n                                08\/05\/2025<br \/>\n                                \u00e0 09:55<\/p>\n<p>                                                                                                            dans<br \/>\n                                <a data-trans=\"tips.published.competition %competition%\" href=\"https:\/\/www.sportytrader.com\/pronostics\/tennis\/atp\/rome-347\/\" target=\"_blank\" rel=\"noopener\"><br \/>\n                                    Pronostic ATP Rome<br \/>\n                                <\/a><\/p>\n<p>Les 32e de finale du Masters 1000 de Rome continuent dans la ville italienne ! Ce samedi, l&rsquo;argentin\u00a0Francisco Cerundolo affronte le chilien\u00a0Nicolas Jarry devant le public italien pour rejoindre les 16e de finale.<\/p>\n<p>Francisco Cerundolo, t\u00eate de s\u00e9rie num\u00e9ro 17, fait son entr\u00e9e dans ce tournoi avec ce duel. Auteur d&rsquo;une tr\u00e8s belle campagne au Masters 1000 de Madrid le mois dernier, l&rsquo;argentin de 26 ans a remport\u00e9 4 victoires cons\u00e9cutives avec une victoire notable face au num\u00e9ro 2 mondial Alexander Zverev en seulement 2 sets puis face au 21e mondial Jakub Mensik pour rejoindre Casper Ruud en demi-finale. Egalement demi-finaliste au tournoi de Munich quelques jours plus t\u00f4t, l&rsquo;argentin n&rsquo;a plus vraiment \u00e0 d\u00e9montrer qu&rsquo;il est un solide concurrent dans ces tournois sur terre battue.<\/p>\n<p>Nicolas Jarry, de son c\u00f4t\u00e9, est de retour dans ce tournoi qui lui a tr\u00e8s bien r\u00e9ussi l&rsquo;an dernier puisqu&rsquo;il y a \u00e9t\u00e9 finaliste face \u00e0 l&rsquo;allemand Alexander Zverev. Cette saison, il a remport\u00e9 son premier tour face au fran\u00e7ais Hugo Gaston (78e mondial) dans un match o\u00f9 il a \u00e9t\u00e9 bien accroch\u00e9 au premier set pour conclure sur le score de 7-6(7-4), 6-4. Une victoire qui a d\u00fb faire du bien au chilien puisqu&rsquo;il a connu des semaines tr\u00e8s compliqu\u00e9es pr\u00e9cedemment en enchainant de nombreuses d\u00e9faites.\u00a0<\/p>\n","protected":false},"excerpt":{"rendered":"Publi\u00e9 le 08\/05\/2025 09:39 \u00a0par L\u00e9o Measson | Modifi\u00e9 le 08\/05\/2025 \u00e0 09:55 dans Pronostic ATP Rome Les&hellip;\n","protected":false},"author":2,"featured_media":85945,"comment_status":"","ping_status":"","sticky":false,"template":"","format":"standard","meta":{"footnotes":""},"categories":[1415],"tags":[19595,1011,27,10383,19594,1817,1821,60,1467],"class_list":{"0":"post-85944","1":"post","2":"type-post","3":"status-publish","4":"format-standard","5":"has-post-thumbnail","7":"category-tennis","8":"tag-atp-rome","9":"tag-fr","10":"tag-france","11":"tag-francisco-cerundolo","12":"tag-nicolas-jarry","13":"tag-pronostic","14":"tag-pronostics","15":"tag-sports","16":"tag-tennis"},"share_on_mastodon":{"url":"https:\/\/pubeurope.com\/@fr\/114475944042096105","error":""},"_links":{"self":[{"href":"https:\/\/www.europesays.com\/fr\/wp-json\/wp\/v2\/posts\/85944","targetHints":{"allow":["GET"]}}],"collection":[{"href":"https:\/\/www.europesays.com\/fr\/wp-json\/wp\/v2\/posts"}],"about":[{"href":"https:\/\/www.europesays.com\/fr\/wp-json\/wp\/v2\/types\/post"}],"author":[{"embeddable":true,"href":"https:\/\/www.europesays.com\/fr\/wp-json\/wp\/v2\/users\/2"}],"replies":[{"embeddable":true,"href":"https:\/\/www.europesays.com\/fr\/wp-json\/wp\/v2\/comments?post=85944"}],"version-history":[{"count":0,"href":"https:\/\/www.europesays.com\/fr\/wp-json\/wp\/v2\/posts\/85944\/revisions"}],"wp:featuredmedia":[{"embeddable":true,"href":"https:\/\/www.europesays.com\/fr\/wp-json\/wp\/v2\/media\/85945"}],"wp:attachment":[{"href":"https:\/\/www.europesays.com\/fr\/wp-json\/wp\/v2\/media?parent=85944"}],"wp:term":[{"taxonomy":"category","embeddable":true,"href":"https:\/\/www.europesays.com\/fr\/wp-json\/wp\/v2\/categories?post=85944"},{"taxonomy":"post_tag","embeddable":true,"href":"https:\/\/www.europesays.com\/fr\/wp-json\/wp\/v2\/tags?post=85944"}],"curies":[{"name":"wp","href":"https:\/\/api.w.org\/{rel}","templated":true}]}}