{"id":85946,"date":"2025-05-09T04:18:16","date_gmt":"2025-05-09T04:18:16","guid":{"rendered":"https:\/\/www.europesays.com\/fr\/85946\/"},"modified":"2025-05-09T04:18:16","modified_gmt":"2025-05-09T04:18:16","slug":"a-quelle-heure-et-sur-quelle-chaine-suivre-le-grand-prix-despagne-2025-en-direct","status":"publish","type":"post","link":"https:\/\/www.europesays.com\/fr\/85946\/","title":{"rendered":"\u00e0 quelle heure et sur quelle cha\u00eene suivre le Grand Prix d\u2019Espagne 2025 en direct ?"},"content":{"rendered":"<p>Le monde de la moto GP se donne rendez-vous sur le circuit de Jerez pour le Grand Prix d\u2019Espagne ce dimanche 27 avril 2025. \u00c0 quelle heure et sur quelle cha\u00eene regarder le 5\u00e8me Grand Prix de la saison de MotoGP\u00a0?<\/p>\n<p class=\"fig-paragraph\">Le dernier Grand Prix MotoGP s\u2019est d\u00e9roul\u00e9 au Qatar le 13 avril 2025 sur le circuit international de Lusail. Marc M\u00e1rquez, pilote Ducati, a remport\u00e9 la course apr\u00e8s un d\u00e9part mouvement\u00e9 marqu\u00e9 par une collision avec son fr\u00e8re \u00c1lex M\u00e1rquez d\u00e8s le premier tour. Malgr\u00e9 des d\u00e9g\u00e2ts sur sa moto, Marc a su remonter et s\u2019imposer. Francesco Bagnaia, \u00e9galement sur Ducati, a termin\u00e9 deuxi\u00e8me et Franco Morbidelli, du team Pertamina Enduro VR46 Racing, a compl\u00e9t\u00e9 le podium en troisi\u00e8me position. Cette victoire permet \u00e0 Marc M\u00e1rquez de consolider sa position en t\u00eate du championnat avec 123 points, devant \u00c1lex M\u00e1rquez (106 points) et Francesco Bagnaia (97 points). Ce dimanche, le Grand Prix a donc lieu \u00e0 Jerez, en Espagne, o\u00f9 Marc M\u00e1rquez tentera de poursuivre sur sa lanc\u00e9e. Ce circuit est au programme depuis 1987 du Championnat du Monde. Les pilotes doivent r\u00e9aliser 25 tours soit une distance totale de 110,58 Kilom\u00e8tres car le circuit est long de 4,42 km. La l\u00e9gende, Valentino Rossi, poss\u00e8de le record avec 7 victoires sur ce circuit de Jerez.<\/p>\n<p>\u00c0 quelle heure et sur quelle cha\u00eene regarder le Grand Prix d\u2019Espagne MotoGP\u00a0?<\/p>\n<p class=\"fig-paragraph\">Le Grand Prix d\u2019Espagne MotoGP 2025 sera diffus\u00e9 sur la cha\u00eene CANAL+. L\u2019heure du d\u00e9part du Grand Prix est fix\u00e9e \u00e0 14h00 (heure fran\u00e7aise). Comme chaque rendez-vous de MotoGP, le groupe CANAL+ propose un programme complet autour de la course ce dimanche. Ce programme commence \u00e0 09h35 avec le Warm Up sur la cha\u00eene CANAL+ SPORT 360. Apr\u00e8s la course, vers 14h50 CANAL+ garde l\u2019antenne pour proposer le podium.<\/p>\n<p class=\"fig-paragraph\"><a href=\"https:\/\/action.metaffiliation.com\/trk.php?mclic=P4F5315728D1155&amp;tblci=GiCDVPRFamM4eUJ7EVMyRG9K0_NiUCcF9wtbppBBDA1ZoyDwzEY\" target=\"_blank\" rel=\"nofollow noopener\" data-gtm-custom-categorie=\"navigation\" data-gtm-custom-action=\"crossclick\" data-gtm-custom-label=\"Contextuel\" data-gtm-event=\"customEventSPE\"><strong>D\u00e9couvrez les offres sans engagement CANAL+<\/strong><\/a><\/p>\n<p class=\"fig-paragraph\"><a href=\"https:\/\/action.metaffiliation.com\/trk.php?mclic=P4F5315728D1153&amp;tblci=GiCDVPRFamM4eUJ7EVMyRG9K0_NiUCcF9wtbppBBDA1ZoyDwzEY\" target=\"_blank\" rel=\"nofollow noopener\" data-gtm-custom-categorie=\"navigation\" data-gtm-custom-action=\"crossclick\" data-gtm-custom-label=\"Contextuel\" data-gtm-event=\"customEventSPE\"><strong>D\u00e9couvrez les offres avec engagement Canal+ avec 50 euros offerts\u00a0!<\/strong><\/a><\/p>\n<p class=\"fig-paragraph\"><strong>\u00c0 retenir <\/strong>: le programme et les heures des cha\u00eenes du groupe CANAL+ pour le MotoGP d\u2019Espagne 2025<\/p>\n<ul class=\"fig-list\">\n<li>Warm Up \u00e0 09h35 sur CANAL+ SPORT 360<\/li>\n<li>La Grille \u00e0 13h15 sur CANAL+<\/li>\n<li>Le Grand Prix \u00e0 14h00 sur CANAL+<\/li>\n<li>Le Podium \u00e0 14h50 sur CANAL+<\/li>\n<\/ul>\n<p class=\"fig-paragraph\">Contenu con\u00e7u et propos\u00e9 par nos Experts Shopping Sport. L\u2019\u00e9quipe Shopping du Figaro est ind\u00e9pendante de la r\u00e9daction.\u00a0<\/p>\n<p>Les prix mentionn\u00e9s dans cet article le sont \u00e0 titre indicatif. Lorsque vous achetez via nos liens de vente, nous pouvons percevoir une commission d\u2019affiliation.<\/p>\n","protected":false},"excerpt":{"rendered":"Le monde de la moto GP se donne rendez-vous sur le circuit de Jerez pour le Grand Prix&hellip;\n","protected":false},"author":2,"featured_media":85947,"comment_status":"","ping_status":"","sticky":false,"template":"","format":"standard","meta":{"footnotes":""},"categories":[1413],"tags":[7589,7590,1976,525,7592,1981,1979,4266,1011,27,7591,1982,4922,1457,6033,1456,1458,1978,1980,60,4921],"class_list":{"0":"post-85946","1":"post","2":"type-post","3":"status-publish","4":"format-standard","5":"has-post-thumbnail","7":"category-moto","8":"tag-125cc","9":"tag-250cc","10":"tag-auto-moto","11":"tag-calendrier","12":"tag-circuits","13":"tag-classement","14":"tag-constructeurs","15":"tag-ducati","16":"tag-fr","17":"tag-france","18":"tag-gp","19":"tag-grand-prix","20":"tag-honda","21":"tag-moto","22":"tag-moto-gp","23":"tag-motocycle","24":"tag-motogp","25":"tag-pilotes","26":"tag-resultats","27":"tag-sports","28":"tag-yamaha"},"share_on_mastodon":{"url":"https:\/\/pubeurope.com\/@fr\/114475951966099727","error":""},"_links":{"self":[{"href":"https:\/\/www.europesays.com\/fr\/wp-json\/wp\/v2\/posts\/85946","targetHints":{"allow":["GET"]}}],"collection":[{"href":"https:\/\/www.europesays.com\/fr\/wp-json\/wp\/v2\/posts"}],"about":[{"href":"https:\/\/www.europesays.com\/fr\/wp-json\/wp\/v2\/types\/post"}],"author":[{"embeddable":true,"href":"https:\/\/www.europesays.com\/fr\/wp-json\/wp\/v2\/users\/2"}],"replies":[{"embeddable":true,"href":"https:\/\/www.europesays.com\/fr\/wp-json\/wp\/v2\/comments?post=85946"}],"version-history":[{"count":0,"href":"https:\/\/www.europesays.com\/fr\/wp-json\/wp\/v2\/posts\/85946\/revisions"}],"wp:featuredmedia":[{"embeddable":true,"href":"https:\/\/www.europesays.com\/fr\/wp-json\/wp\/v2\/media\/85947"}],"wp:attachment":[{"href":"https:\/\/www.europesays.com\/fr\/wp-json\/wp\/v2\/media?parent=85946"}],"wp:term":[{"taxonomy":"category","embeddable":true,"href":"https:\/\/www.europesays.com\/fr\/wp-json\/wp\/v2\/categories?post=85946"},{"taxonomy":"post_tag","embeddable":true,"href":"https:\/\/www.europesays.com\/fr\/wp-json\/wp\/v2\/tags?post=85946"}],"curies":[{"name":"wp","href":"https:\/\/api.w.org\/{rel}","templated":true}]}}