{"id":85956,"date":"2025-05-09T04:23:11","date_gmt":"2025-05-09T04:23:11","guid":{"rendered":"https:\/\/www.europesays.com\/fr\/85956\/"},"modified":"2025-05-09T04:23:11","modified_gmt":"2025-05-09T04:23:11","slug":"une-artiste-peintre-de-la-sarthe-ouvre-sa-boutique-dexposition-a-fresnay-sur-sarthe","status":"publish","type":"post","link":"https:\/\/www.europesays.com\/fr\/85956\/","title":{"rendered":"Une artiste peintre de la Sarthe ouvre sa boutique d\u2019exposition \u00e0 Fresnay-sur-Sarthe"},"content":{"rendered":"<p>            Par<br \/>\n        <strong><br \/>\n            <a href=\"https:\/\/actu.fr\/auteur\/journaliste-oh\" title=\"Consulter tous les articles de R\u00e9daction Alen\u00e7on\" target=\"_blank\" rel=\"noopener\">R\u00e9daction Alen\u00e7on<\/a><br \/>\n        <\/strong><\/p>\n<p>        Publi\u00e9 le<\/p>\n<p>            7 mai 2025 \u00e0 15h33        <\/p>\n<p>L\u2019artiste peintre<b> Artem Manon<\/b> a ouvert sa nouvelle boutique d\u2019exposition et de vente, dans le centre-ville de <a href=\"https:\/\/actu.fr\/pays-de-la-loire\/fresnay-sur-sarthe_72138\" target=\"_blank\" rel=\"noopener\">Fresnay-sur-Sarthe<\/a> (Sarthe).<\/p>\n<p>Sensibiliser \u00e0 la cause animale<\/p>\n<p class=\" wall-content\">Originaire du\u00a0Mans et \u00e2g\u00e9e de 29\u00a0ans, Artem Manon, de son vrai nom<b> Manon Hardouin<\/b>, peint depuis quatre ans.<\/p>\n<p class=\" wall-content\">Ce qui \u00e9tait \u00e0 l\u2019origine une passion, en parall\u00e8le de son travail au sein d\u2019une pension pour chien au ch\u00e2teau de Soulign\u00e9-sous-Ballon, elle en a fait son m\u00e9tier. Son credo\u2009: la <b>peinture animali\u00e8re<\/b>.<\/p>\n<p class=\" wall-content\">\u00ab\u2009Au d\u00e9part, j\u2019ai \u00e9t\u00e9 tr\u00e8s attir\u00e9e par la r\u00e9alisation de portrait au crayon graphite. Apr\u00e8s un \u00e9v\u00e8nement tragique personnel, j\u2019ai souhait\u00e9 tourner le page et <b>sensibiliser le public<\/b> \u00e0 travers mon art, sur la pr\u00e9servation des esp\u00e8ces animales et de la for\u00eat. Cela a vraiment \u00e9t\u00e9 un d\u00e9clic pour moi\u2009\u00bb, confie l\u2019artiste, <a href=\"https:\/\/actu.fr\/pays-de-la-loire\/fresnay-sur-sarthe_72138\/originaire-de-la-sarthe-artem-manon-peint-et-prend-soin-des-primates-au-congo_62282684.html\" target=\"_blank\" rel=\"noopener\">engag\u00e9e personnellement sur le sujet<\/a>.<\/p>\n<p>Une envie d\u2019ind\u00e9pendance<\/p>\n<p class=\" wall-content\">Install\u00e9e depuis deux ans \u00e0 Ren\u00e9, dans un atelier communal, en compagnie de l\u2019artiste peintre V\u00e9ronique Lesage, Manon Hardouin a eu envie d\u2019ind\u00e9pendance.<\/p>\n<p>Vid\u00e9os : en ce moment sur Actu<\/p>\n<p class=\" wall-content\">Elle a donc cherch\u00e9 un local disponible et a finalement trouv\u00e9 son bonheur \u00e0 Fresnay-sur-Sarthe.<\/p>\n<blockquote class=\"ac-article-quote wall-content\">\n<p>Les aspects historique, artistique et dynamique de cette ville m\u2019ont toujours inspir\u00e9. Ce local fut une opportunit\u00e9 pour moi d\u2019ouvrir ma boutique, sur un territoire touristique et relativement fr\u00e9quent\u00e9.<\/p>\n<p>Manon Hardouin, artiste peintre<\/p><\/blockquote>\n<p class=\" wall-content\">\u00ab\u2009Ayant un groupe d\u2019une dizaine d\u2019\u00e9l\u00e8ves pour des <b>cours de dessins et de peinture<\/b> le mercredi, il me fallait rester dans cette zone pour les poursuivre. J\u2019aimerais d\u00e9velopper les cours pour enfants, organiser des stages pour adultes et p\u00e9renniser mes projets d\u2019artiste\u2009\u00bb, d\u00e9taille-t-elle.<\/p>\n<p class=\" wall-content\">Ce local sera enti\u00e8rement d\u00e9di\u00e9 aux <b>\u0153uvres <\/b>de l\u2019artiste, qui vient s\u2019ajouter aux nombreux artisans et artistes d\u00e9j\u00e0 pr\u00e9sents dans cette ville historique du Nord Sarthe.<\/p>\n<p>Boutique d\u2019exposition et de vente, 6, rue Gambetta \u00e0 Fresnay-sur-Sarthe.<\/p>\n<p class=\" wall-content\">Suivez toute l\u2019actualit\u00e9 de vos villes et m\u00e9dias favoris en vous inscrivant \u00e0 <a href=\"https:\/\/moncompte.actu.fr\" title=\"D\u00e9couvez Mon Actu\" rel=\"nofollow noopener\" data-trk=\"{&quot;cta&quot;:{&quot;action&quot;:&quot;https:\\\/\\\/moncompte.actu.fr&quot;,&quot;category&quot;:&quot;mon compte&quot;,&quot;from&quot;:&quot;article footer&quot;,&quot;name&quot;:&quot;Mon actu&quot;,&quot;type&quot;:&quot;cta&quot;}}\" target=\"_blank\">Mon Actu<\/a>.<\/p>\n<ul class=\"ac-article-tag wall-content\">\n<li><a href=\"https:\/\/actu.fr\/tag\/commerce\" data-trk=\"{&quot;cta&quot;:{&quot;action&quot;:&quot;Commerce&quot;,&quot;category&quot;:&quot;tag&quot;,&quot;from&quot;:&quot;article footer&quot;,&quot;name&quot;:&quot;Commerce&quot;,&quot;type&quot;:&quot;cta&quot;}}\" target=\"_blank\" rel=\"noopener\">#Commerce<\/a><\/li>\n<li><a href=\"https:\/\/actu.fr\/tag\/nouveaux-commerces\" data-trk=\"{&quot;cta&quot;:{&quot;action&quot;:&quot;Nouveaux commerces&quot;,&quot;category&quot;:&quot;tag&quot;,&quot;from&quot;:&quot;article footer&quot;,&quot;name&quot;:&quot;Nouveaux commerces&quot;,&quot;type&quot;:&quot;cta&quot;}}\" target=\"_blank\" rel=\"noopener\">#Nouveaux commerces<\/a><\/li>\n<\/ul>\n","protected":false},"excerpt":{"rendered":"Par R\u00e9daction Alen\u00e7on Publi\u00e9 le 7 mai 2025 \u00e0 15h33 L\u2019artiste peintre Artem Manon a ouvert sa nouvelle&hellip;\n","protected":false},"author":2,"featured_media":85957,"comment_status":"","ping_status":"","sticky":false,"template":"","format":"standard","meta":{"footnotes":""},"categories":[1358],"tags":[1348,1384,1385,215,1386,58,59,1011,27,3147,104],"class_list":{"0":"post-85956","1":"post","2":"type-post","3":"status-publish","4":"format-standard","5":"has-post-thumbnail","7":"category-arts-et-design","8":"tag-arts","9":"tag-arts-and-design","10":"tag-arts-et-design","11":"tag-commerce","12":"tag-design","13":"tag-divertissement","14":"tag-entertainment","15":"tag-fr","16":"tag-france","17":"tag-nouveaux-commerces","18":"tag-societe"},"share_on_mastodon":{"url":"https:\/\/pubeurope.com\/@fr\/114475971558975118","error":""},"_links":{"self":[{"href":"https:\/\/www.europesays.com\/fr\/wp-json\/wp\/v2\/posts\/85956","targetHints":{"allow":["GET"]}}],"collection":[{"href":"https:\/\/www.europesays.com\/fr\/wp-json\/wp\/v2\/posts"}],"about":[{"href":"https:\/\/www.europesays.com\/fr\/wp-json\/wp\/v2\/types\/post"}],"author":[{"embeddable":true,"href":"https:\/\/www.europesays.com\/fr\/wp-json\/wp\/v2\/users\/2"}],"replies":[{"embeddable":true,"href":"https:\/\/www.europesays.com\/fr\/wp-json\/wp\/v2\/comments?post=85956"}],"version-history":[{"count":0,"href":"https:\/\/www.europesays.com\/fr\/wp-json\/wp\/v2\/posts\/85956\/revisions"}],"wp:featuredmedia":[{"embeddable":true,"href":"https:\/\/www.europesays.com\/fr\/wp-json\/wp\/v2\/media\/85957"}],"wp:attachment":[{"href":"https:\/\/www.europesays.com\/fr\/wp-json\/wp\/v2\/media?parent=85956"}],"wp:term":[{"taxonomy":"category","embeddable":true,"href":"https:\/\/www.europesays.com\/fr\/wp-json\/wp\/v2\/categories?post=85956"},{"taxonomy":"post_tag","embeddable":true,"href":"https:\/\/www.europesays.com\/fr\/wp-json\/wp\/v2\/tags?post=85956"}],"curies":[{"name":"wp","href":"https:\/\/api.w.org\/{rel}","templated":true}]}}