{"id":85968,"date":"2025-05-09T04:30:09","date_gmt":"2025-05-09T04:30:09","guid":{"rendered":"https:\/\/www.europesays.com\/fr\/85968\/"},"modified":"2025-05-09T04:30:09","modified_gmt":"2025-05-09T04:30:09","slug":"jai-toujours-eu-de-ladmiration-pour-gerard-gerard-lanvin-prend-la-parole-au-sujet-de-gerard-depardieu-accuse-de-viols","status":"publish","type":"post","link":"https:\/\/www.europesays.com\/fr\/85968\/","title":{"rendered":"\u00ab\u00a0J\u2019ai toujours eu de l\u2019admiration pour G\u00e9rard\u2026\u00a0\u00bb : G\u00e9rard Lanvin prend la parole au sujet de G\u00e9rard Depardieu, accus\u00e9 de viols"},"content":{"rendered":"<p>      R\u00e9sum\u00e9<\/p>\n<p>G\u00e9rard Lanvin s&rsquo;exprime sans d\u00e9tour sur les qualit\u00e9s professionnelles et les d\u00e9fauts humains de G\u00e9rard Depardieu, suite \u00e0 leurs multiples collaborations cin\u00e9matographiques.<\/p>\n<p>        Sommaire<\/p>\n<p>G\u00e9rard Lanvin reste \u00e9gal \u00e0 lui-m\u00eame. Dans une interview accord\u00e9e \u00e0 TVMAG, l&rsquo;acteur de 74 ans revient sur <a href=\"https:\/\/vsd.fr\/76301-gerard-depardieu-fiscalement-dans-de-beaux-draps\/\" rel=\"nofollow noopener\" target=\"_blank\">les d\u00e9boires judiciaires que rencontre G\u00e9rard Depardieu<\/a> depuis plusieurs ann\u00e9es. Et le moindre que l&rsquo;on puisse direct, c&rsquo;est que <strong>G\u00e9rard Lanvin n&rsquo;y pas par quatre chemins<\/strong>&#8230;<\/p>\n<p>La star du Fils \u00e0 Jo a collabor\u00e9 <strong>\u00e0 quatre reprises avec G\u00e9rard Depardieu<\/strong> au cin\u00e9ma. Les deux acteurs se sont d&rsquo;abord rencontr\u00e9s sur le tournage du Choix des armes en 1981, puis se sont retrouv\u00e9s \u00e0 trois reprises au d\u00e9but des ann\u00e9es 2000, dans San Antonio, Le boulet et Les cl\u00e9s de bagnole de Laurent Baffie. A quatre reprises, G\u00e9rard Lanvin a pu se faire un avis sur le comportement de G\u00e9rard Depardieu. Et <strong>s&rsquo;il lui loue de v\u00e9ritables qualit\u00e9s professionnelles<\/strong>, celles humaines semblent plus mesur\u00e9es&#8230;<\/p>\n<p>G\u00e9rard Lanvin se rappelle d&rsquo;un homme tr\u00e8s \u00ab\u00a0grossier\u00a0\u00bb<\/p>\n<p><strong>\u00ab\u00a0J&rsquo;ai toujours eu de l&rsquo;admiration pour G\u00e9rard\u00a0\u00bb<\/strong> commence positivement <a href=\"https:\/\/www.public.fr\/peur-de-mourir-etouffe-gerard-lanvin-a-promis-leuthanasie-a-son-pere\" rel=\"nofollow noopener\" target=\"_blank\">G\u00e9rard Lanvin<\/a>, avant de rapidement fendre l&rsquo;armure&#8230; \u00ab\u00a0Apr\u00e8s, c&rsquo;est une histoire de comportement, d&rsquo;\u00e9ducation. Il fallait avoir un comportement diff\u00e9rent pour ne pas se retrouver dans cette gal\u00e8re-l\u00e0\u00a0\u00bb tance l&rsquo;acteur.<\/p>\n<p>G\u00e9rard Lanvin explique par la suite <strong>n&rsquo;avoir jamais assist\u00e9 \u00e0 aucune sc\u00e8ne probl\u00e9matique<\/strong>, mais reconna\u00eet toutefois que les comportements de G\u00e9rard Depardieu n&rsquo;\u00e9taient pas toujours tr\u00e8s d\u00e9licats. Il se souvient <strong>d&rsquo;un acteur \u00ab\u00a0grossier et rustre\u00a0\u00bb<\/strong>, mais estime qu&rsquo;il s&rsquo;agissait avant toute chose de sa personnalit\u00e9 : \u00ab\u00a0C&rsquo;\u00e9tait un mec qui plaisait beaucoup aux femmes. Il y a un moment o\u00f9 il a d\u00e9g\u00e9n\u00e9r\u00e9 dans un comportement qui le regarde\u00a0\u00bb.<\/p>\n<p>Et de flinguer, en guise de conclusion : <strong>\u00ab\u00a0Je me fous de G\u00e9rard Depardieu, comme il se fout de moi. J&rsquo;en n&rsquo;ai rien \u00e0 foutre\u00a0\u00bb<\/strong>.<\/p>\n<p>Le d\u00e9lib\u00e9r\u00e9 r\u00e9v\u00e9l\u00e9 ce lundi 13 mai<\/p>\n<p>Pour rappel, en mars dernier s&rsquo;est le proc\u00e8s de G\u00e9rard Depardieu au tribunal correctionnel de Paris. Le minist\u00e8re public avait alors requis <a href=\"https:\/\/www.public.fr\/fourrer-ses-mains-grasses-sous-une-celebre-actrice-francaise-atomise-gerard-depardieu\" rel=\"nofollow noopener\" target=\"_blank\">dix-huit mois de prison avec sursis<\/a> assortis \u00e0 une amende de 20 000 euros. <strong>Le verdict est attendu ce lundi 13 mai 2025<\/strong>. <\/p>\n<p>Ce proc\u00e8s, tr\u00e8s m\u00e9diatis\u00e9 en raison <a href=\"https:\/\/www.public.fr\/tes-journaliste-toi-bruce-toussaint-lavocat-de-gerard-depardieu-sen-prend-a-un-de-ses-chroniqueurs\" rel=\"nofollow noopener\" target=\"_blank\">du comportement jug\u00e9 pol\u00e9mique<\/a> de l&rsquo;avocat de G\u00e9rard Depardieu, <strong>Me J\u00e9r\u00e9mie Assous<\/strong>, tenait sur les accusations d&rsquo;agressions sexuelles port\u00e9es par deux femmes. Les faits imput\u00e9s \u00e0 l&rsquo;acteur se seraient d\u00e9roul\u00e9s, pour l&rsquo;une comme pour l&rsquo;autre, <strong>sur le tournage du film Les volets verts<\/strong>, en 2021. \u00ab\u00a0Extr\u00eamement affect\u00e9\u00a0\u00bb comme l&rsquo;avaient assur\u00e9 ses m\u00e9decins, G\u00e9rard Depardieu n&rsquo;avait pas pu assister \u00e0 l&rsquo;audience. <\/p>\n<p>      Mentionn\u00e9s dans cet article<\/p>\n<p>\u00c0 lire aussi<\/p>\n","protected":false},"excerpt":{"rendered":"R\u00e9sum\u00e9 G\u00e9rard Lanvin s&rsquo;exprime sans d\u00e9tour sur les qualit\u00e9s professionnelles et les d\u00e9fauts humains de G\u00e9rard Depardieu, suite&hellip;\n","protected":false},"author":2,"featured_media":85969,"comment_status":"","ping_status":"","sticky":false,"template":"","format":"standard","meta":{"footnotes":""},"categories":[8],"tags":[12232,58,59,1011,27,302,19365,2173,303,1265],"class_list":{"0":"post-85968","1":"post","2":"type-post","3":"status-publish","4":"format-standard","5":"has-post-thumbnail","7":"category-divertissement","8":"tag-clash","9":"tag-divertissement","10":"tag-entertainment","11":"tag-fr","12":"tag-france","13":"tag-gerard-depardieu","14":"tag-gerard-lanvin","15":"tag-interview","16":"tag-justice","17":"tag-viol"},"share_on_mastodon":{"url":"https:\/\/pubeurope.com\/@fr\/114475999197204373","error":""},"_links":{"self":[{"href":"https:\/\/www.europesays.com\/fr\/wp-json\/wp\/v2\/posts\/85968","targetHints":{"allow":["GET"]}}],"collection":[{"href":"https:\/\/www.europesays.com\/fr\/wp-json\/wp\/v2\/posts"}],"about":[{"href":"https:\/\/www.europesays.com\/fr\/wp-json\/wp\/v2\/types\/post"}],"author":[{"embeddable":true,"href":"https:\/\/www.europesays.com\/fr\/wp-json\/wp\/v2\/users\/2"}],"replies":[{"embeddable":true,"href":"https:\/\/www.europesays.com\/fr\/wp-json\/wp\/v2\/comments?post=85968"}],"version-history":[{"count":0,"href":"https:\/\/www.europesays.com\/fr\/wp-json\/wp\/v2\/posts\/85968\/revisions"}],"wp:featuredmedia":[{"embeddable":true,"href":"https:\/\/www.europesays.com\/fr\/wp-json\/wp\/v2\/media\/85969"}],"wp:attachment":[{"href":"https:\/\/www.europesays.com\/fr\/wp-json\/wp\/v2\/media?parent=85968"}],"wp:term":[{"taxonomy":"category","embeddable":true,"href":"https:\/\/www.europesays.com\/fr\/wp-json\/wp\/v2\/categories?post=85968"},{"taxonomy":"post_tag","embeddable":true,"href":"https:\/\/www.europesays.com\/fr\/wp-json\/wp\/v2\/tags?post=85968"}],"curies":[{"name":"wp","href":"https:\/\/api.w.org\/{rel}","templated":true}]}}