{"id":859763,"date":"2026-04-10T11:30:20","date_gmt":"2026-04-10T11:30:20","guid":{"rendered":"https:\/\/www.europesays.com\/fr\/859763\/"},"modified":"2026-04-10T11:30:20","modified_gmt":"2026-04-10T11:30:20","slug":"gisele-pelicot-presente-son-livre-et-la-joie-de-vivre-a-nancy","status":"publish","type":"post","link":"https:\/\/www.europesays.com\/fr\/859763\/","title":{"rendered":"Gis\u00e8le Pelicot pr\u00e9sente son livre \u00abEt la joie de vivre\u00bb \u00e0 Nancy"},"content":{"rendered":"<p>La cit\u00e9 nanc\u00e9ienne s&rsquo;appr\u00eate \u00e0 vivre un moment fort de sa saison culturelle. Le lundi 20 avril, la Salle Poirel ouvrira ses portes \u00e0 Gis\u00e8le Pelicot pour pr\u00e9senter son livre \u00abEt la joie de vivre\u00bb. Co-\u00e9crit avec Judith Perrignon, son r\u00e9cit autobiographique d\u00e9passe le cadre judiciaire pour livrer une le\u00e7on d&rsquo;humanit\u00e9 universelle.\n<\/p>\n<p>Un symbole au-del\u00e0 du proc\u00e8s<\/p>\n<p>Apr\u00e8s avoir boulevers\u00e9 l&rsquo;opinion lors du proc\u00e8s de Mazan, celle qui a exig\u00e9 que \u00abla honte change de camp\u00bb choisit Nancy pour reprendre la parole. Loin de l&rsquo;image de victime que les chroniques judiciaires ont pu dresser, Gis\u00e8le Pelicot vient partager sa soif de libert\u00e9. Son livre, publi\u00e9 chez Flammarion, est un manifeste pour la dignit\u00e9. Pour les acteurs locaux et les partenaires comme EDF ou Le Hall du Livre, soutenir une telle rencontre souligne l&rsquo;engagement du territoire envers les grands d\u00e9bats de soci\u00e9t\u00e9 qui fa\u00e7onnent notre \u00e9poque.\n<\/p>\n<p>Anim\u00e9 par Sarah Polacci, l&rsquo;\u00e9change sera suivi d&rsquo;une s\u00e9ance de vente orchestr\u00e9e par la librairie Le Hall du Livre. Dans une \u00e9conomie du livre o\u00f9 le t\u00e9moignage devient un vecteur de transformation sociale, cet apr\u00e8s-midi promet une affluence record. La billetterie gratuite, accessible en ligne ou au guichet de la Salle Poirel, devrait \u00eatre prise d&rsquo;assaut par un public d\u00e9sireux de rencontrer celle qui a transform\u00e9 son calvaire en une force d&rsquo;admiration collective.<\/p>\n","protected":false},"excerpt":{"rendered":"La cit\u00e9 nanc\u00e9ienne s&rsquo;appr\u00eate \u00e0 vivre un moment fort de sa saison culturelle. Le lundi 20 avril, la&hellip;\n","protected":false},"author":2,"featured_media":859764,"comment_status":"","ping_status":"","sticky":false,"template":"","format":"standard","meta":{"footnotes":"","_share_on_mastodon":"0"},"categories":[9635],"tags":[1111,11,6211,14063,1777,674,2087,1011,27,775,1702,12,25],"class_list":["post-859763","post","type-post","status-publish","format-standard","has-post-thumbnail","category-nancy","tag-actu","tag-actualites","tag-conference","tag-createurs","tag-eu","tag-europe","tag-evenement","tag-fr","tag-france","tag-grand-est","tag-nancy","tag-news","tag-republique-francaise"],"share_on_mastodon":{"url":"https:\/\/pubeurope.com\/@fr\/116380187213397217","error":""},"_links":{"self":[{"href":"https:\/\/www.europesays.com\/fr\/wp-json\/wp\/v2\/posts\/859763","targetHints":{"allow":["GET"]}}],"collection":[{"href":"https:\/\/www.europesays.com\/fr\/wp-json\/wp\/v2\/posts"}],"about":[{"href":"https:\/\/www.europesays.com\/fr\/wp-json\/wp\/v2\/types\/post"}],"author":[{"embeddable":true,"href":"https:\/\/www.europesays.com\/fr\/wp-json\/wp\/v2\/users\/2"}],"replies":[{"embeddable":true,"href":"https:\/\/www.europesays.com\/fr\/wp-json\/wp\/v2\/comments?post=859763"}],"version-history":[{"count":0,"href":"https:\/\/www.europesays.com\/fr\/wp-json\/wp\/v2\/posts\/859763\/revisions"}],"wp:featuredmedia":[{"embeddable":true,"href":"https:\/\/www.europesays.com\/fr\/wp-json\/wp\/v2\/media\/859764"}],"wp:attachment":[{"href":"https:\/\/www.europesays.com\/fr\/wp-json\/wp\/v2\/media?parent=859763"}],"wp:term":[{"taxonomy":"category","embeddable":true,"href":"https:\/\/www.europesays.com\/fr\/wp-json\/wp\/v2\/categories?post=859763"},{"taxonomy":"post_tag","embeddable":true,"href":"https:\/\/www.europesays.com\/fr\/wp-json\/wp\/v2\/tags?post=859763"}],"curies":[{"name":"wp","href":"https:\/\/api.w.org\/{rel}","templated":true}]}}