{"id":85979,"date":"2025-05-09T04:36:14","date_gmt":"2025-05-09T04:36:14","guid":{"rendered":"https:\/\/www.europesays.com\/fr\/85979\/"},"modified":"2025-05-09T04:36:14","modified_gmt":"2025-05-09T04:36:14","slug":"ce-courrier-du-departement-qui-apporte-une-lueur-despoir","status":"publish","type":"post","link":"https:\/\/www.europesays.com\/fr\/85979\/","title":{"rendered":"ce courrier du D\u00e9partement qui apporte une lueur d\u2019espoir"},"content":{"rendered":"<p>Inqui\u00e8te de ne pas voir beaucoup d\u2019\u00e9volution dans le dossier de la cr\u00e9ation d\u2019une nouvelle voie dans le vallon de l\u2019Echapre, l\u2019Association de d\u00e9fense des riverains du boulevard Fayol a adress\u00e9 un mail au Conseil d\u00e9partemental en janvier dernier.<\/p>\n<p>Une r\u00e9ponse sign\u00e9e de J\u00e9r\u00e9mie Lacroix, vice-pr\u00e9sident du D\u00e9partement, en charge de ce dossier, vient de lui \u00eatre adress\u00e9e. Dans celle-ci, l&rsquo;\u00e9lu fait le point sur ce dossier qui avance beaucoup plus lentement que pr\u00e9vu.<\/p>\n<p>\u00ab Tout d\u2019abord, je souhaite rappeler la compl\u00e9mentarit\u00e9 entre le projet de cr\u00e9ation d\u2019une voie nouvelle dans le vallon de l\u2019Echapre (RD500) sous ma\u00eetrise d\u2019ouvrage du D\u00e9partement et celui concernant l\u2019\u00e9changeur de la Croix Bleue (RN88), dont la M\u00e9tropole de Saint-Etienne porte les \u00e9tudes&#8230;<\/p>\n","protected":false},"excerpt":{"rendered":"Inqui\u00e8te de ne pas voir beaucoup d\u2019\u00e9volution dans le dossier de la cr\u00e9ation d\u2019une nouvelle voie dans le&hellip;\n","protected":false},"author":2,"featured_media":85980,"comment_status":"","ping_status":"","sticky":false,"template":"","format":"standard","meta":{"footnotes":""},"categories":[9653],"tags":[1111,11,2430,3542,7539,436,1777,674,10282,10283,1011,27,12,25,4001,104,2803],"class_list":{"0":"post-85979","1":"post","2":"type-post","3":"status-publish","4":"format-standard","5":"has-post-thumbnail","7":"category-saint-etienne","8":"tag-actu","9":"tag-actualites","10":"tag-auvergne-rhone-alpes","11":"tag-circulation","12":"tag-edition-loire-sud","13":"tag-environnement","14":"tag-eu","15":"tag-europe","16":"tag-firminy","17":"tag-firminy-ville","18":"tag-fr","19":"tag-france","20":"tag-news","21":"tag-republique-francaise","22":"tag-saint-etienne","23":"tag-societe","24":"tag-transport"},"share_on_mastodon":{"url":"https:\/\/pubeurope.com\/@fr\/114476022783290743","error":""},"_links":{"self":[{"href":"https:\/\/www.europesays.com\/fr\/wp-json\/wp\/v2\/posts\/85979","targetHints":{"allow":["GET"]}}],"collection":[{"href":"https:\/\/www.europesays.com\/fr\/wp-json\/wp\/v2\/posts"}],"about":[{"href":"https:\/\/www.europesays.com\/fr\/wp-json\/wp\/v2\/types\/post"}],"author":[{"embeddable":true,"href":"https:\/\/www.europesays.com\/fr\/wp-json\/wp\/v2\/users\/2"}],"replies":[{"embeddable":true,"href":"https:\/\/www.europesays.com\/fr\/wp-json\/wp\/v2\/comments?post=85979"}],"version-history":[{"count":0,"href":"https:\/\/www.europesays.com\/fr\/wp-json\/wp\/v2\/posts\/85979\/revisions"}],"wp:featuredmedia":[{"embeddable":true,"href":"https:\/\/www.europesays.com\/fr\/wp-json\/wp\/v2\/media\/85980"}],"wp:attachment":[{"href":"https:\/\/www.europesays.com\/fr\/wp-json\/wp\/v2\/media?parent=85979"}],"wp:term":[{"taxonomy":"category","embeddable":true,"href":"https:\/\/www.europesays.com\/fr\/wp-json\/wp\/v2\/categories?post=85979"},{"taxonomy":"post_tag","embeddable":true,"href":"https:\/\/www.europesays.com\/fr\/wp-json\/wp\/v2\/tags?post=85979"}],"curies":[{"name":"wp","href":"https:\/\/api.w.org\/{rel}","templated":true}]}}