{"id":85981,"date":"2025-05-09T04:37:09","date_gmt":"2025-05-09T04:37:09","guid":{"rendered":"https:\/\/www.europesays.com\/fr\/85981\/"},"modified":"2025-05-09T04:37:09","modified_gmt":"2025-05-09T04:37:09","slug":"clash-entre-la-federation-francaise-et-gael-perdriau","status":"publish","type":"post","link":"https:\/\/www.europesays.com\/fr\/85981\/","title":{"rendered":"clash entre la F\u00e9d\u00e9ration fran\u00e7aise et Ga\u00ebl Perdriau"},"content":{"rendered":"<p>\u00ab\u00a0Je ne vous cache pas \u00eatre surpris de votre intervention qui me met en cause ainsi que l\u2019institution que je repr\u00e9sente.\u00a0\u00bb Le pr\u00e9sident de la F\u00e9d\u00e9ration fran\u00e7aise de rugby, Florian Grill, est remont\u00e9. Et il le fait savoir au maire de Saint-\u00c9tienne, <a href=\"https:\/\/www.leprogres.fr\/p\/gael-perdriau\" target=\"_blank\" rel=\"noopener\">Ga\u00ebl Perdriau<\/a>, dans un courrier que nous nous sommes procur\u00e9.<\/p>\n<p>Cette lettre concerne les propos tenus par Ga\u00ebl Perdriau et son adjointe aux sports, Brigitte Masson, lors du conseil municipal du 31\u00a0mars. Ils portaient sur des engagements que la F\u00e9d\u00e9ration fran\u00e7aise de rugby et son pr\u00e9sident n\u2019auraient pas respect\u00e9 dans le cadre de l\u2019am\u00e9lioration des installations du RCSE (Rugby club de Saint-\u00c9tienne).<\/p>\n<p>&gt;&gt; <a href=\"https:\/\/www.leprogres.fr\/sport\/2025\/02\/13\/le-sos-du-president-du-rugby-club-de-saint-etienne\" target=\"_blank\" rel=\"noopener\">Le SOS du pr\u00e9sident du RC Saint-\u00c9tienne : \u00ab J&rsquo;ai en banque deux mois de masse salariale \u00bb<\/a><\/p>\n<p>\u00ab\u00a0La FFR n\u2019a jamais fait de promesse\u00a0\u00bb<\/p>\n<p>Au cours de cette s\u00e9ance, Brigitte Masson avait indiqu\u00e9\u00a0: \u00ab\u00a0Sur la question du terrain, nous avions, avec le maire, entrepris des&#8230;<\/p>\n","protected":false},"excerpt":{"rendered":"\u00ab\u00a0Je ne vous cache pas \u00eatre surpris de votre intervention qui me met en cause ainsi que l\u2019institution&hellip;\n","protected":false},"author":2,"featured_media":85982,"comment_status":"","ping_status":"","sticky":false,"template":"","format":"standard","meta":{"footnotes":""},"categories":[9653],"tags":[1111,11,2430,7539,1777,674,107,1011,27,3367,12,316,25,479,4001,7538,10806,517],"class_list":{"0":"post-85981","1":"post","2":"type-post","3":"status-publish","4":"format-standard","5":"has-post-thumbnail","7":"category-saint-etienne","8":"tag-actu","9":"tag-actualites","10":"tag-auvergne-rhone-alpes","11":"tag-edition-loire-sud","12":"tag-eu","13":"tag-europe","14":"tag-fil-info","15":"tag-fr","16":"tag-france","17":"tag-loire","18":"tag-news","19":"tag-politique","20":"tag-republique-francaise","21":"tag-rugby","22":"tag-saint-etienne","23":"tag-saint-etienne-ville","24":"tag-selection-de-la-redaction-42","25":"tag-sport"},"share_on_mastodon":{"url":"https:\/\/pubeurope.com\/@fr\/114476026818885688","error":""},"_links":{"self":[{"href":"https:\/\/www.europesays.com\/fr\/wp-json\/wp\/v2\/posts\/85981","targetHints":{"allow":["GET"]}}],"collection":[{"href":"https:\/\/www.europesays.com\/fr\/wp-json\/wp\/v2\/posts"}],"about":[{"href":"https:\/\/www.europesays.com\/fr\/wp-json\/wp\/v2\/types\/post"}],"author":[{"embeddable":true,"href":"https:\/\/www.europesays.com\/fr\/wp-json\/wp\/v2\/users\/2"}],"replies":[{"embeddable":true,"href":"https:\/\/www.europesays.com\/fr\/wp-json\/wp\/v2\/comments?post=85981"}],"version-history":[{"count":0,"href":"https:\/\/www.europesays.com\/fr\/wp-json\/wp\/v2\/posts\/85981\/revisions"}],"wp:featuredmedia":[{"embeddable":true,"href":"https:\/\/www.europesays.com\/fr\/wp-json\/wp\/v2\/media\/85982"}],"wp:attachment":[{"href":"https:\/\/www.europesays.com\/fr\/wp-json\/wp\/v2\/media?parent=85981"}],"wp:term":[{"taxonomy":"category","embeddable":true,"href":"https:\/\/www.europesays.com\/fr\/wp-json\/wp\/v2\/categories?post=85981"},{"taxonomy":"post_tag","embeddable":true,"href":"https:\/\/www.europesays.com\/fr\/wp-json\/wp\/v2\/tags?post=85981"}],"curies":[{"name":"wp","href":"https:\/\/api.w.org\/{rel}","templated":true}]}}