{"id":85983,"date":"2025-05-09T04:38:26","date_gmt":"2025-05-09T04:38:26","guid":{"rendered":"https:\/\/www.europesays.com\/fr\/85983\/"},"modified":"2025-05-09T04:38:26","modified_gmt":"2025-05-09T04:38:26","slug":"500-personnes-ont-assiste-a-la-ceremonie-porte-desilles-a-nancy","status":"publish","type":"post","link":"https:\/\/www.europesays.com\/fr\/85983\/","title":{"rendered":"500 personnes ont assist\u00e9 \u00e0 la c\u00e9r\u00e9monie porte D\u00e9silles \u00e0 Nancy"},"content":{"rendered":"<p>\u00c7a a commenc\u00e9 par des coups de tambour et de cuivre. La Marseillaise jou\u00e9e par la Musique de l\u2019arm\u00e9e blind\u00e9e cavalerie de Montigny-l\u00e8s-Metz. Puis les autorit\u00e9s civiles et militaires ont salu\u00e9 le <a href=\"https:\/\/www.estrepublicain.fr\/defense-guerre-conflit\/2023\/09\/14\/le-53e-regiment-de-transmissions-fete-ses-30-ans-de-presence-dans-la-ville\" target=\"_blank\" rel=\"nofollow noopener\">53e r\u00e9giment de transmissions<\/a> de Lun\u00e9ville. Et c\u2019\u00e9tait parti, il \u00e9tait 17 h : ainsi ont commenc\u00e9 les <a href=\"https:\/\/www.estrepublicain.fr\/societe\/2025\/05\/08\/80e-anniversaire-de-la-liberation-une-promesse-renouvelee-a-ces-combattants-pour-la-liberte\" target=\"_blank\" rel=\"nofollow noopener\">Comm\u00e9morations du 8-mai 1945<\/a> , porte D\u00e9silles, \u00e0 Nancy. Tout autour du parvis, il y avait du monde amass\u00e9 derri\u00e8re les barri\u00e8res. Environ 500 personnes. Toutes venues assist\u00e9es au 80e anniversaire de la capitulation de l\u2019Allemagne nazie.<\/p>\n<p>Quelques chiens ont aboy\u00e9 et des enfants ont cri\u00e9, mais c\u2019\u00e9tait tout. Pour le reste, des drapeaux fran\u00e7ais volant au vent l\u00e9ger et un silence protocolaire respectueux de la c\u00e9r\u00e9monie : apr\u00e8s la remise des m\u00e9dailles, le temps des discours c\u00e9l\u00e9brant <a href=\"https:\/\/www.estrepublicain.fr\/societe\/2025\/05\/08\/victoire-du-8-mai-1945-revivez-en-images-les-commemorations-du-80eme-anniversaire-a-pontarlier\" target=\"_blank\" rel=\"nofollow noopener\">la victoire de 1945<\/a>.<\/p>\n<p>Une troisi\u00e8me du coll\u00e8ge de la Craffe a r\u00e9cit\u00e9 du Robert Desnos, ce po\u00e8te et r\u00e9sistant fran\u00e7ais, et c\u2019\u00e9tait beau, \u00e7a r\u00e9sonnait sous l\u2019arc de triomphe. Puis c\u2019\u00e9tait au tour de de Gaulle d\u2019\u00eatre invoqu\u00e9, puis celui du g\u00e9n\u00e9ral de Lattre de Tassigny.<\/p>\n<p>Ensuite, \u00e9lus et repr\u00e9sentants de l\u2019\u00c9tat ont march\u00e9 vers la <a href=\"https:\/\/www.estrepublicain.fr\/defense-guerre-conflit\/2024\/11\/11\/11-novembre-on-vous-explique-l-histoire-de-la-porte-desilles-plus-ancien-monument-aux-morts-de-france\" target=\"_blank\" rel=\"nofollow noopener\">porte D\u00e9silles<\/a>. Il y avait des d\u00e9put\u00e9s, un s\u00e9nateur, le maire, les conseils d\u00e9partemental et r\u00e9gional, le sous-pr\u00e9fet, aussi. Chacun a d\u00e9pos\u00e9 une gerbe sur les marches de cet \u00e9difice construit en 1784. \ufeff Il \u00e9tait presque 18 h et c\u2019\u00e9tait d\u00e9j\u00e0 la fin. Dix jeunes de Science Po ont entonn\u00e9 la Marseillaise a capella. Ils \u00e9taient habill\u00e9s de noir et certains chantaient en souriant. La c\u00e9r\u00e9monie s\u2019est cl\u00f4tur\u00e9e comme elle avait commenc\u00e9 : sous les cuivres et les tambours de la Musique de l\u2019arm\u00e9e blind\u00e9e de cavalerie. <\/p>\n","protected":false},"excerpt":{"rendered":"\u00c7a a commenc\u00e9 par des coups de tambour et de cuivre. La Marseillaise jou\u00e9e par la Musique de&hellip;\n","protected":false},"author":2,"featured_media":85984,"comment_status":"","ping_status":"","sticky":false,"template":"","format":"standard","meta":{"footnotes":""},"categories":[9635],"tags":[1111,11,1687,3206,1704,1777,674,3326,1011,27,775,1702,1703,12,316,25,104],"class_list":{"0":"post-85983","1":"post","2":"type-post","3":"status-publish","4":"format-standard","5":"has-post-thumbnail","7":"category-nancy","8":"tag-actu","9":"tag-actualites","10":"tag-culture-loisirs","11":"tag-defense-guerre-conflit","12":"tag-edition-nancy-et-agglomeration","13":"tag-eu","14":"tag-europe","15":"tag-fete-locale","16":"tag-fr","17":"tag-france","18":"tag-grand-est","19":"tag-nancy","20":"tag-nancy-ville-54b","21":"tag-news","22":"tag-politique","23":"tag-republique-francaise","24":"tag-societe"},"share_on_mastodon":{"url":"https:\/\/pubeurope.com\/@fr\/114476030574022519","error":""},"_links":{"self":[{"href":"https:\/\/www.europesays.com\/fr\/wp-json\/wp\/v2\/posts\/85983","targetHints":{"allow":["GET"]}}],"collection":[{"href":"https:\/\/www.europesays.com\/fr\/wp-json\/wp\/v2\/posts"}],"about":[{"href":"https:\/\/www.europesays.com\/fr\/wp-json\/wp\/v2\/types\/post"}],"author":[{"embeddable":true,"href":"https:\/\/www.europesays.com\/fr\/wp-json\/wp\/v2\/users\/2"}],"replies":[{"embeddable":true,"href":"https:\/\/www.europesays.com\/fr\/wp-json\/wp\/v2\/comments?post=85983"}],"version-history":[{"count":0,"href":"https:\/\/www.europesays.com\/fr\/wp-json\/wp\/v2\/posts\/85983\/revisions"}],"wp:featuredmedia":[{"embeddable":true,"href":"https:\/\/www.europesays.com\/fr\/wp-json\/wp\/v2\/media\/85984"}],"wp:attachment":[{"href":"https:\/\/www.europesays.com\/fr\/wp-json\/wp\/v2\/media?parent=85983"}],"wp:term":[{"taxonomy":"category","embeddable":true,"href":"https:\/\/www.europesays.com\/fr\/wp-json\/wp\/v2\/categories?post=85983"},{"taxonomy":"post_tag","embeddable":true,"href":"https:\/\/www.europesays.com\/fr\/wp-json\/wp\/v2\/tags?post=85983"}],"curies":[{"name":"wp","href":"https:\/\/api.w.org\/{rel}","templated":true}]}}