{"id":859884,"date":"2026-04-10T12:39:21","date_gmt":"2026-04-10T12:39:21","guid":{"rendered":"https:\/\/www.europesays.com\/fr\/859884\/"},"modified":"2026-04-10T12:39:21","modified_gmt":"2026-04-10T12:39:21","slug":"nancy-marie-semelin-decroche-le-prix-frontieres","status":"publish","type":"post","link":"https:\/\/www.europesays.com\/fr\/859884\/","title":{"rendered":"Nancy : Marie Semelin d\u00e9croche le Prix \u00abFronti\u00e8res\u00bb"},"content":{"rendered":"<p>Le 31 mars dernier, le jury pr\u00e9sid\u00e9 par Pierre Degott a tranch\u00e9 en faveur de Les Certitudes. Ce premier ouvrage de Marie Semelin a s\u00e9duit par sa capacit\u00e9 \u00e0 traiter la complexit\u00e9 du conflit isra\u00e9lo-palestinien avec une finesse rare. Au-del\u00e0 de la reconnaissance symbolique, cette distinction s&rsquo;accompagne d&rsquo;une dotation financi\u00e8re significative pour l&rsquo;autrice. Le choix du jury, compos\u00e9 \u00e0 parts \u00e9gales d&rsquo;\u00e9tudiants, d&rsquo;universitaires et de professionnels du livre, souligne la volont\u00e9 du territoire de promouvoir des \u0153uvres courageuses qui questionnent nos soci\u00e9t\u00e9s contemporaines.\n<\/p>\n<p>Un levier pour l&rsquo;attractivit\u00e9 territoriale et l&rsquo;IA<\/p>\n<p>Le rayonnement de ce prix d\u00e9passe le simple cadre acad\u00e9mique pour devenir un v\u00e9ritable marqueur d&rsquo;attractivit\u00e9 pour la ville de Nancy. La c\u00e9r\u00e9monie officielle de remise du ch\u00e8que, pr\u00e9vue le 18 mai 2026 \u00e0 l\u2019Universit\u00e9 de Lorraine, sera \u00e9galement le th\u00e9\u00e2tre d\u2019une annonce strat\u00e9gique. L&rsquo;Universit\u00e9 de la Grande R\u00e9gion (UniGR) y r\u00e9v\u00e9lera les laur\u00e9ats du concours \u00ab\u00c9crire aux fronti\u00e8res\u00bb. Ce nouveau dispositif innove en int\u00e9grant une cat\u00e9gorie d\u00e9di\u00e9e aux nouvelles assist\u00e9es par intelligence artificielle g\u00e9n\u00e9rative, positionnant ainsi la r\u00e9gion comme un laboratoire \u00e0 la pointe des mutations num\u00e9riques de l&rsquo;industrie cr\u00e9ative.<\/p>\n","protected":false},"excerpt":{"rendered":"Le 31 mars dernier, le jury pr\u00e9sid\u00e9 par Pierre Degott a tranch\u00e9 en faveur de Les Certitudes. Ce&hellip;\n","protected":false},"author":2,"featured_media":859885,"comment_status":"","ping_status":"","sticky":false,"template":"","format":"standard","meta":{"footnotes":"","_share_on_mastodon":"0"},"categories":[9635],"tags":[1111,11,14063,1777,674,1011,27,775,1351,1702,12,25214,25],"class_list":["post-859884","post","type-post","status-publish","format-standard","has-post-thumbnail","category-nancy","tag-actu","tag-actualites","tag-createurs","tag-eu","tag-europe","tag-fr","tag-france","tag-grand-est","tag-litterature","tag-nancy","tag-news","tag-prix-et-recompenses","tag-republique-francaise"],"share_on_mastodon":{"url":"https:\/\/pubeurope.com\/@fr\/116380458552920860","error":""},"_links":{"self":[{"href":"https:\/\/www.europesays.com\/fr\/wp-json\/wp\/v2\/posts\/859884","targetHints":{"allow":["GET"]}}],"collection":[{"href":"https:\/\/www.europesays.com\/fr\/wp-json\/wp\/v2\/posts"}],"about":[{"href":"https:\/\/www.europesays.com\/fr\/wp-json\/wp\/v2\/types\/post"}],"author":[{"embeddable":true,"href":"https:\/\/www.europesays.com\/fr\/wp-json\/wp\/v2\/users\/2"}],"replies":[{"embeddable":true,"href":"https:\/\/www.europesays.com\/fr\/wp-json\/wp\/v2\/comments?post=859884"}],"version-history":[{"count":0,"href":"https:\/\/www.europesays.com\/fr\/wp-json\/wp\/v2\/posts\/859884\/revisions"}],"wp:featuredmedia":[{"embeddable":true,"href":"https:\/\/www.europesays.com\/fr\/wp-json\/wp\/v2\/media\/859885"}],"wp:attachment":[{"href":"https:\/\/www.europesays.com\/fr\/wp-json\/wp\/v2\/media?parent=859884"}],"wp:term":[{"taxonomy":"category","embeddable":true,"href":"https:\/\/www.europesays.com\/fr\/wp-json\/wp\/v2\/categories?post=859884"},{"taxonomy":"post_tag","embeddable":true,"href":"https:\/\/www.europesays.com\/fr\/wp-json\/wp\/v2\/tags?post=859884"}],"curies":[{"name":"wp","href":"https:\/\/api.w.org\/{rel}","templated":true}]}}