{"id":859920,"date":"2026-04-10T13:00:10","date_gmt":"2026-04-10T13:00:10","guid":{"rendered":"https:\/\/www.europesays.com\/fr\/859920\/"},"modified":"2026-04-10T13:00:10","modified_gmt":"2026-04-10T13:00:10","slug":"une-nouvelle-compagnie-debarque-a-laeroport-de-bordeaux-pour-desservir-une-ile-inedite","status":"publish","type":"post","link":"https:\/\/www.europesays.com\/fr\/859920\/","title":{"rendered":"Une nouvelle compagnie d\u00e9barque \u00e0 l&rsquo;a\u00e9roport de Bordeaux pour desservir une \u00eele in\u00e9dite"},"content":{"rendered":"<p>                    Par<br \/>\n        <strong><br \/>\n            <a href=\"https:\/\/actu.fr\/auteur\/juliette-cardinale\" title=\"Consulter tous les articles de Juliette Cardinale\" rel=\"nofollow noopener\" target=\"_blank\">Juliette Cardinale<\/a><br \/>\n                    <\/strong><\/p>\n<p>        Publi\u00e9 le<\/p>\n<p>            10 avr. 2026 \u00e0 14h30        <\/p>\n<p>Loganair d\u00e9barque \u00e0 l\u2019a\u00e9roport <a href=\"https:\/\/actu.fr\/bordeaux\/\" rel=\"nofollow noopener\" target=\"_blank\">de Bordeaux.<\/a> La compagnie a\u00e9rienne \u00e9cossaise propose deux vols par semaine <strong>vers l\u2019\u00eele de Jersey<\/strong> pour l\u2019\u00e9t\u00e9 2026.<\/p>\n<p class=\" wall-content\">L\u2019\u00eele anglo-normande n\u2019\u00e9tait pas desservie <a href=\"https:\/\/actu.fr\/tag\/aeroport-de-bordeaux\" rel=\"nofollow noopener\" target=\"_blank\">depuis l\u2019a\u00e9roport de Bordeaux.<\/a> Dans la Manche, elle \u00ab\u2009s\u00e9duit par <strong>son cadre naturel pr\u00e9serv\u00e9,<\/strong> ses paysages spectaculaires et son art de vivre aux influences britanniques et normandes\u2009\u00bb, affirme l\u2019a\u00e9roport de Bordeaux.<\/p>\n<p>Deux vols par semaine<\/p>\n<p class=\" wall-content\">D\u00e8s le 19\u00a0juin prochain, et jusqu\u2019au 5\u00a0octobre, Loganair programmera des vols <strong>les lundis et vendredis.<\/strong> Un planning \u00ab\u2009id\u00e9al pour organiser un week-end prolong\u00e9 ou un s\u00e9jour estival\u2009\u00bb, souligne l\u2019a\u00e9roport.<\/p>\n<p class=\" wall-content\">Les deux jours, l\u2019avion quittera le tarmac de Jersey \u00e0 9h50 (heure locale) pour une <strong>arriv\u00e9e \u00e0 Bordeaux<\/strong> \u00e0 12h25. Il repartira en sens inverse \u00e0\u00a012h55 pour un atterrissage \u00e0 13h20 heure locale.<\/p>\n<p class=\" wall-content\">Les billets seront vendus<strong> \u00e0 partir de 89,99\u00a0euros<\/strong> <strong>l\u2019aller<\/strong> de Bordeaux vers Jersey.<\/p>\n<p class=\" wall-content\">Premi\u00e8re compagnie a\u00e9rienne r\u00e9gionale du Royaume-Uni, Loganair a aussi \u00e9t\u00e9 d\u00e9sign\u00e9e comme \u00ab\u2009la compagnie a\u00e9rienne majeure <strong>la plus ponctuelle<\/strong> au Royaume-Uni pour les arriv\u00e9es et d\u00e9parts en 2025 par la Civil Aviation Authority (CAA)\u2009\u00bb.<\/p>\n<p class=\" wall-content\">\u00ab\u00a0Cette ligne est une nouvelle opportunit\u00e9 de lien avec la <strong>client\u00e8le anglophone<\/strong> particuli\u00e8rement attach\u00e9e de notre r\u00e9gion\u2009\u00bb, s\u2019est r\u00e9joui\u00a0Simon Dreschel, directeur g\u00e9n\u00e9ral de l\u2019A\u00e9roport de Bordeaux.<\/p>\n<p class=\" wall-content\">Personnalisez votre actualit\u00e9 en ajoutant vos villes et m\u00e9dias en favori avec <a href=\"https:\/\/moncompte.actu.fr\" title=\"D\u00e9couvez Mon Actu\" rel=\"nofollow noopener\" data-trk=\"{&quot;cta&quot;:{&quot;action&quot;:&quot;https:\\\/\\\/moncompte.actu.fr&quot;,&quot;category&quot;:&quot;mon compte&quot;,&quot;from&quot;:&quot;article footer&quot;,&quot;name&quot;:&quot;Mon actu&quot;,&quot;type&quot;:&quot;cta&quot;}}\" target=\"_blank\">Mon Actu<\/a>.<\/p>\n","protected":false},"excerpt":{"rendered":"Par Juliette Cardinale Publi\u00e9 le 10 avr. 2026 \u00e0 14h30 Loganair d\u00e9barque \u00e0 l\u2019a\u00e9roport de Bordeaux. La compagnie&hellip;\n","protected":false},"author":2,"featured_media":859921,"comment_status":"","ping_status":"","sticky":false,"template":"","format":"standard","meta":{"footnotes":"","_share_on_mastodon":"0"},"categories":[2817],"tags":[1111,11,7058,1997,1777,674,1011,27,65160,12,2219,25,104,602],"class_list":["post-859920","post","type-post","status-publish","format-standard","has-post-thumbnail","category-bordeaux","tag-actu","tag-actualites","tag-aeroport-de-bordeaux","tag-bordeaux","tag-eu","tag-europe","tag-fr","tag-france","tag-jersey","tag-news","tag-nouvelle-aquitaine","tag-republique-francaise","tag-societe","tag-tourisme"],"share_on_mastodon":{"url":"https:\/\/pubeurope.com\/@fr\/116380541213330430","error":""},"_links":{"self":[{"href":"https:\/\/www.europesays.com\/fr\/wp-json\/wp\/v2\/posts\/859920","targetHints":{"allow":["GET"]}}],"collection":[{"href":"https:\/\/www.europesays.com\/fr\/wp-json\/wp\/v2\/posts"}],"about":[{"href":"https:\/\/www.europesays.com\/fr\/wp-json\/wp\/v2\/types\/post"}],"author":[{"embeddable":true,"href":"https:\/\/www.europesays.com\/fr\/wp-json\/wp\/v2\/users\/2"}],"replies":[{"embeddable":true,"href":"https:\/\/www.europesays.com\/fr\/wp-json\/wp\/v2\/comments?post=859920"}],"version-history":[{"count":0,"href":"https:\/\/www.europesays.com\/fr\/wp-json\/wp\/v2\/posts\/859920\/revisions"}],"wp:featuredmedia":[{"embeddable":true,"href":"https:\/\/www.europesays.com\/fr\/wp-json\/wp\/v2\/media\/859921"}],"wp:attachment":[{"href":"https:\/\/www.europesays.com\/fr\/wp-json\/wp\/v2\/media?parent=859920"}],"wp:term":[{"taxonomy":"category","embeddable":true,"href":"https:\/\/www.europesays.com\/fr\/wp-json\/wp\/v2\/categories?post=859920"},{"taxonomy":"post_tag","embeddable":true,"href":"https:\/\/www.europesays.com\/fr\/wp-json\/wp\/v2\/tags?post=859920"}],"curies":[{"name":"wp","href":"https:\/\/api.w.org\/{rel}","templated":true}]}}