{"id":86026,"date":"2025-05-09T05:05:15","date_gmt":"2025-05-09T05:05:15","guid":{"rendered":"https:\/\/www.europesays.com\/fr\/86026\/"},"modified":"2025-05-09T05:05:15","modified_gmt":"2025-05-09T05:05:15","slug":"la-ville-retoque-leur-projet","status":"publish","type":"post","link":"https:\/\/www.europesays.com\/fr\/86026\/","title":{"rendered":"la Ville retoque leur projet"},"content":{"rendered":"<p>Le buste de Nelson Mandela sortira-t-il un jour de l\u2019atelier de Robert Thouret, son sculpteur\u00a0?<\/p>\n<p>En juin dernier, Le Progr\u00e8s vous relatait l\u2019histoire de ce projet lanc\u00e9 par Sammuel Cartet, un riverain et ami de l\u2019artiste r\u00e9sidant \u00e0 proximit\u00e9 du parc Mandela, dans le quartier de <a href=\"https:\/\/www.leprogres.fr\/p\/part-dieu-lyon\" target=\"_blank\" rel=\"nofollow noopener\">la Part-Dieu<\/a>, un nouvel espace vert urbain qui sera inaugur\u00e9 le lundi 19\u00a0mai. Tous deux avaient sollicit\u00e9 financi\u00e8rement la Ville de Lyon pour qu\u2019elle finalise cette \u0153uvre.<\/p>\n<p>\u00c0 savoir, transformer en bronze l\u2019imposant visage fa\u00e7onn\u00e9 en terre de cette figure historique de la lutte anti-apartheid. Afin d\u2019installer le buste une fois achev\u00e9, sur l\u2019esplanade tout proche qui&#8230;<\/p>\n","protected":false},"excerpt":{"rendered":"Le buste de Nelson Mandela sortira-t-il un jour de l\u2019atelier de Robert Thouret, son sculpteur\u00a0? En juin dernier,&hellip;\n","protected":false},"author":2,"featured_media":86027,"comment_status":"","ping_status":"","sticky":false,"template":"","format":"standard","meta":{"footnotes":""},"categories":[1889],"tags":[1111,11,2430,4749,1687,33,2757,1777,674,1011,27,2428,2756,12,25,2429],"class_list":{"0":"post-86026","1":"post","2":"type-post","3":"status-publish","4":"format-standard","5":"has-post-thumbnail","7":"category-lyon","8":"tag-actu","9":"tag-actualites","10":"tag-auvergne-rhone-alpes","11":"tag-btp-et-chantiers","12":"tag-culture-loisirs","13":"tag-economie","14":"tag-edition-lyon-villeurbanne","15":"tag-eu","16":"tag-europe","17":"tag-fr","18":"tag-france","19":"tag-lyon","20":"tag-lyon-bassin","21":"tag-news","22":"tag-republique-francaise","23":"tag-rhone"},"share_on_mastodon":{"url":"https:\/\/pubeurope.com\/@fr\/114476137234587539","error":""},"_links":{"self":[{"href":"https:\/\/www.europesays.com\/fr\/wp-json\/wp\/v2\/posts\/86026","targetHints":{"allow":["GET"]}}],"collection":[{"href":"https:\/\/www.europesays.com\/fr\/wp-json\/wp\/v2\/posts"}],"about":[{"href":"https:\/\/www.europesays.com\/fr\/wp-json\/wp\/v2\/types\/post"}],"author":[{"embeddable":true,"href":"https:\/\/www.europesays.com\/fr\/wp-json\/wp\/v2\/users\/2"}],"replies":[{"embeddable":true,"href":"https:\/\/www.europesays.com\/fr\/wp-json\/wp\/v2\/comments?post=86026"}],"version-history":[{"count":0,"href":"https:\/\/www.europesays.com\/fr\/wp-json\/wp\/v2\/posts\/86026\/revisions"}],"wp:featuredmedia":[{"embeddable":true,"href":"https:\/\/www.europesays.com\/fr\/wp-json\/wp\/v2\/media\/86027"}],"wp:attachment":[{"href":"https:\/\/www.europesays.com\/fr\/wp-json\/wp\/v2\/media?parent=86026"}],"wp:term":[{"taxonomy":"category","embeddable":true,"href":"https:\/\/www.europesays.com\/fr\/wp-json\/wp\/v2\/categories?post=86026"},{"taxonomy":"post_tag","embeddable":true,"href":"https:\/\/www.europesays.com\/fr\/wp-json\/wp\/v2\/tags?post=86026"}],"curies":[{"name":"wp","href":"https:\/\/api.w.org\/{rel}","templated":true}]}}