{"id":86028,"date":"2025-05-09T05:06:11","date_gmt":"2025-05-09T05:06:11","guid":{"rendered":"https:\/\/www.europesays.com\/fr\/86028\/"},"modified":"2025-05-09T05:06:11","modified_gmt":"2025-05-09T05:06:11","slug":"lyon-humilies-les-ecologistes-intensifient-leur-guerre-contre-le-cafe-203","status":"publish","type":"post","link":"https:\/\/www.europesays.com\/fr\/86028\/","title":{"rendered":"Lyon. Humili\u00e9s, les \u00e9cologistes intensifient leur guerre contre le Caf\u00e9 203 &#8211;"},"content":{"rendered":"<p>\t\t\t\t<img loading=\"lazy\" decoding=\"async\" width=\"900\" height=\"609\" src=\"https:\/\/www.europesays.com\/fr\/wp-content\/uploads\/2025\/05\/01-Cafe\u0301-203-rue-du-Garet.jpg\" alt=\"\" title=\"01 Cafe\u0301 203 rue du Garet\" class=\"wp-image-159176\"  \/><\/p>\n<p>La Ville de Lyon s\u2019attaque d\u00e9sormais au second \u00e9tablissement de Christophe Cedat, rue du Garet. Trop \u00e9colo, sans doute&#8230; &#8211; Photos \u00a9 Lyon People<\/p>\n<p><strong>Texte\u00a0: Morgan Couturier \u2013<\/strong> D\u00e9j\u00e0 menac\u00e9 de fermeture administrative concernant son \u00e9tablissement du quai Fulchiron, Christophe C\u00e9dat est aujourd\u2019hui inqui\u00e9t\u00e9 pour sa terrasse du 1er arrondissement. Celle-ci pourrait m\u00eame \u00eatre supprim\u00e9e.<\/p>\n<p>Quand on l\u2019attaque, l\u2019empire contre-attaque. \u00c0 la diff\u00e9rence pr\u00e8s que la guerre des \u00e9toiles se passe sur terre. Sur le sol lyonnais qui plus est, o\u00f9 les \u00e9lus \u00e9cologistes et <strong>Christophe C\u00e9dat<\/strong> se livrent une bataille sans merci. Et comme la c\u00e9l\u00e8bre saga, les opus tendent \u00e0 se multiplier.<\/p>\n<p>Alors que la Ville de Lyon a r\u00e9cemment <a href=\"https:\/\/www.lyonpeople.com\/actualites-lyon\/actualites-economiques\/lyon-les-ecologistes-sacharnent-sur-le-cafe-203-2025-04-24.html\" rel=\"nofollow noopener\" target=\"_blank\"><strong>qu\u00e9mand\u00e9 la fermeture administrative du Caf\u00e9 203 du quai Fulchiron<\/strong><\/a>, son patron avait ripost\u00e9 en mobilisant ses tr\u00e8s nombreux soutiens et en rameutant la presse lyonnaise. Qui avait pu constater, dans sa tr\u00e8s grande majorit\u00e9, que ladite terrasse \u00e9tait l\u2019une des plus v\u00e9g\u00e9tales et fleuries de Lyon. D\u2019o\u00f9 un gros malaise \u00e0 l\u2019id\u00e9e qu\u2019elle soit condamn\u00e9e par des\u2026 \u00e9cologistes\u00a0!<\/p>\n<p><strong>Une terrasse v\u00e9g\u00e9talis\u00e9e, sanctionn\u00e9e pour la hauteur de ses arbres<\/strong><\/p>\n<p><strong>\u00a0<\/strong>Membre actif du Collectif des D\u00e9fenseurs de Lyon, Christophe Cedat n\u2019est pas du genre \u00e0 se planquer en cas d\u2019orage. Il a ainsi fait sonner des cornes de brume \u00e0 l\u2019occasion de la pr\u00e9sentation officielle de la tr\u00e8s d\u00e9cri\u00e9e installation de tentes, place Bellecour. L\u00e0 encore, les \u00e9lus \u00e9cologistes ont r\u00e9ussi \u00e0 faire l\u2019unanimit\u00e9 contre leur mauvais go\u00fbt.<\/p>\n<p><img loading=\"lazy\" decoding=\"async\" class=\"lazy lazy-hidden alignnone size-full wp-image-159177\" data-lazy-type=\"image\" src=\"https:\/\/www.europesays.com\/fr\/wp-content\/uploads\/2025\/05\/Cafe-2023-2eme-lettre-de-menace-commissaire-Lungenstrass.jpg\" alt=\"\" width=\"708\" height=\"900\"  \/><\/p>\n<p>D\u00e9pit\u00e9s et humili\u00e9s, par pure vengeance, ils ont d\u00e9cid\u00e9 d\u2019enfoncer le clou du cercueil du commer\u00e7ant, en s\u2019attaquant \u00e0 la maison m\u00e8re. Par un nouveau courrier de l\u2019adjoint aux espaces publics, le commissaire politique <strong>Valentin Lungenstrass<\/strong>, la municipalit\u00e9 \u00e9cologiste menace de fermeture le Caf\u00e9 203 de la rue du Garet.<\/p>\n<p>\u00ab\u00a0C\u2019est pour faire contre-feu. C\u2019est un \u00e9piph\u00e9nom\u00e8ne\u00a0: leur but est de faire diversion. Dans le sens o\u00f9 le Caf\u00e9 203 permet de parler d\u2019autres choses et de cacher la destruction de la Presqu\u2019\u00eele\u00a0\u00bb, r\u00e9pond en r\u00e9action, Christophe C\u00e9dat.<\/p>\n<p><strong>Les \u00e9lus \u00e9cologistes ne sont pas dans une logique d\u2019apaisement<\/strong><\/p>\n<p>\u00c0 l\u2019issue d\u2019une nouvelle tourn\u00e9e de surveillance, la municipalit\u00e9 aurait relev\u00e9 divers manquements aux conditions d\u2019autorisation de la terrasse, parmi lesquels, l\u2019installation non conforme de bancs, de mange debout et plus surprenant encore, des arbres dont la hauteur serait jug\u00e9e trop importante. Et ceci, sans aucune plainte des voisins concern\u00e9s.<\/p>\n<p>\u00ab\u00a0Ils vont cr\u00e9er un d\u00e9lit de convivialit\u00e9\u00a0\u00bb, r\u00e9torque encore le commer\u00e7ant ind\u00e9pendant, bien d\u00e9cid\u00e9 \u00e0 rester en l\u2019\u00e9tat. \u00ab\u00a0Je reste fid\u00e8le aux traditions. Le mange debout fait partie de la tradition des bistrots\u00a0\u00bb, poursuit-il.<\/p>\n<p>H\u00e9las, l\u2019adjoint de Gr\u00e9gory Doucet se dit pr\u00eat \u00e0 aller plus loin et \u00e0 d\u00e9gainer sa panoplie de sanctions, ledit courrier faisant \u00e9tat d\u2019une suspension de la terrasse, d\u2019une \u00ab\u00a0r\u00e9duction des horaires d\u2019exploitation\u00a0\u00bb, voire le retrait de cette derni\u00e8re, comme cela fut d\u00e9j\u00e0 le cas l\u2019an pass\u00e9. L\u2019int\u00e9ress\u00e9 n\u2019en avait pas tenu compte \u00e0 l\u2019\u00e9poque.<\/p>\n<p>Enferm\u00e9e dans une logique belliqueuse, la majorit\u00e9 \u00e9cologiste prend, en toute connaissance de cause, le risque de voir cette passe d\u2019armes d\u00e9g\u00e9n\u00e9rer\u2026<\/p>\n","protected":false},"excerpt":{"rendered":"La Ville de Lyon s\u2019attaque d\u00e9sormais au second \u00e9tablissement de Christophe Cedat, rue du Garet. Trop \u00e9colo, sans&hellip;\n","protected":false},"author":2,"featured_media":86029,"comment_status":"","ping_status":"","sticky":false,"template":"","format":"standard","meta":{"footnotes":""},"categories":[1889],"tags":[4257,1111,4258,11,2430,19601,1777,674,1011,27,2428,12,25],"class_list":{"0":"post-86028","1":"post","2":"type-post","3":"status-publish","4":"format-standard","5":"has-post-thumbnail","7":"category-lyon","8":"tag-0top","9":"tag-actu","10":"tag-actualite-lyon","11":"tag-actualites","12":"tag-auvergne-rhone-alpes","13":"tag-cafe-203-lyon","14":"tag-eu","15":"tag-europe","16":"tag-fr","17":"tag-france","18":"tag-lyon","19":"tag-news","20":"tag-republique-francaise"},"share_on_mastodon":{"url":"https:\/\/pubeurope.com\/@fr\/114476140747836944","error":""},"_links":{"self":[{"href":"https:\/\/www.europesays.com\/fr\/wp-json\/wp\/v2\/posts\/86028","targetHints":{"allow":["GET"]}}],"collection":[{"href":"https:\/\/www.europesays.com\/fr\/wp-json\/wp\/v2\/posts"}],"about":[{"href":"https:\/\/www.europesays.com\/fr\/wp-json\/wp\/v2\/types\/post"}],"author":[{"embeddable":true,"href":"https:\/\/www.europesays.com\/fr\/wp-json\/wp\/v2\/users\/2"}],"replies":[{"embeddable":true,"href":"https:\/\/www.europesays.com\/fr\/wp-json\/wp\/v2\/comments?post=86028"}],"version-history":[{"count":0,"href":"https:\/\/www.europesays.com\/fr\/wp-json\/wp\/v2\/posts\/86028\/revisions"}],"wp:featuredmedia":[{"embeddable":true,"href":"https:\/\/www.europesays.com\/fr\/wp-json\/wp\/v2\/media\/86029"}],"wp:attachment":[{"href":"https:\/\/www.europesays.com\/fr\/wp-json\/wp\/v2\/media?parent=86028"}],"wp:term":[{"taxonomy":"category","embeddable":true,"href":"https:\/\/www.europesays.com\/fr\/wp-json\/wp\/v2\/categories?post=86028"},{"taxonomy":"post_tag","embeddable":true,"href":"https:\/\/www.europesays.com\/fr\/wp-json\/wp\/v2\/tags?post=86028"}],"curies":[{"name":"wp","href":"https:\/\/api.w.org\/{rel}","templated":true}]}}