{"id":86034,"date":"2025-05-09T05:09:09","date_gmt":"2025-05-09T05:09:09","guid":{"rendered":"https:\/\/www.europesays.com\/fr\/86034\/"},"modified":"2025-05-09T05:09:09","modified_gmt":"2025-05-09T05:09:09","slug":"pour-endiguer-son-desert-medical-asnieres-sur-seine-ouvre-un-pole-de-sante","status":"publish","type":"post","link":"https:\/\/www.europesays.com\/fr\/86034\/","title":{"rendered":"pour endiguer son d\u00e9sert m\u00e9dical, Asni\u00e8res-sur-Seine ouvre un p\u00f4le de sant\u00e9"},"content":{"rendered":"<p>            Par<br \/>\n        <strong><br \/>\n            <a href=\"https:\/\/actu.fr\/auteur\/hugo-hancewicz\" title=\"Consulter tous les articles de Hugo Hancewicz\" target=\"_blank\" rel=\"noopener\">Hugo Hancewicz<\/a><br \/>\n        <\/strong><\/p>\n<p>        Publi\u00e9 le<\/p>\n<p>            9 mai 2025 \u00e0 6h44        <\/p>\n<p>\u00ab Absolument rien. \u00bb Le constat de la municipalit\u00e9 d\u2019<a href=\"https:\/\/actu.fr\/ile-de-france\/asnieres-sur-seine_92004\" target=\"_blank\" rel=\"noopener\">Asni\u00e8res-sur-Seine<\/a> (<a href=\"https:\/\/actu.fr\/ile-de-france\/hauts-de-seine_92\" target=\"_blank\" rel=\"noopener\">Hauts-de-Seine<\/a>) sur l\u2019offre de soins dans le quartier Bords de Seine est sans appel. Face \u00e0 un d\u00e9sert m\u00e9dical persistant dans cette zone du nord de la ville, <strong>la commune a choisi d\u2019agir<\/strong>. Une maison de sant\u00e9 pluriprofessionnelle y ouvrira ses portes courant mai. La convention d\u2019installation a \u00e9t\u00e9 sign\u00e9e ce mardi 6 mai 2025, et les premiers soignants sont attendus <strong>dans les prochains jours<\/strong>. \u00ab Nous comblons le d\u00e9ficit de l\u2019\u00c9tat en mati\u00e8re de sant\u00e9, affirme la municipalit\u00e9 \u00e0 <a href=\"https:\/\/actu.fr\/paris\/\" target=\"_blank\" rel=\"noopener\">actu Paris<\/a>. D\u2019autant plus que la sant\u00e9 n\u2019est pas une comp\u00e9tence obligatoire des communes \u00bb.<\/p>\n<p>Une dizaine de professionnels de sant\u00e9 r\u00e9unie<\/p>\n<p class=\" wall-content\">Situ\u00e9e au 10 rue Vladimir Kramnik, cette nouvelle structure de 420 m\u00b2 accueillera progressivement, d\u2019ici l\u2019automne, <strong>17 professionnels de sant\u00e9<\/strong>. Parmi eux, huit m\u00e9decins g\u00e9n\u00e9ralistes, trois urgentistes, deux chirurgiens orthop\u00e9distes, un urologue, un gyn\u00e9cologue et deux infirmiers. Une \u00e9quipe pluridisciplinaire destin\u00e9e \u00e0 r\u00e9pondre \u00e0<strong> une demande pressante<\/strong> dans un secteur historiquement sous-dot\u00e9 en offre m\u00e9dicale. \u00ab\u00a0Elle va grandir au fur et \u00e0 mesure\u00a0\u00bb, confie la ville.<\/p>\n<p class=\" wall-content\">Comme \u00e0 <a href=\"https:\/\/actu.fr\/ile-de-france\/colombes_92025\" target=\"_blank\" rel=\"noopener\">Colombes<\/a>, autre ville des Hauts-de-Seine <a href=\"https:\/\/actu.fr\/ile-de-france\/colombes_92025\/colombes-le-tout-nouveau-quartier-de-l-arc-sportif-inaugure-sa-premiere-maison-de-sante_62418165.html\" target=\"_blank\" rel=\"noopener\">r\u00e9cemment dot\u00e9e<\/a>, cette maison de sant\u00e9 offrira des consultations non programm\u00e9es, des soins de premier recours et <strong>un accueil 7 jours sur 7<\/strong>. Des services \u00e9largis sont aussi annonc\u00e9s : petites urgences, pr\u00e9vention des maladies chroniques et recours \u00e0 la t\u00e9l\u00e9m\u00e9decine. Pour assurer une prise en charge compl\u00e8te, <strong>elle s\u2019appuiera sur un r\u00e9seau de partenaires<\/strong>, centres de radiologie et laboratoires d\u2019analyses.<\/p>\n<p>L\u2019acc\u00e8s au soin renforc\u00e9 sur l\u2019ensemble du territoire<\/p>\n<p class=\" wall-content\">Soutenue \u00e0 hauteur de 75\u2009000\u00a0euros par la municipalit\u00e9, cette ouverture s\u2019inscrit dans une strat\u00e9gie plus large <strong>engag\u00e9e depuis 2023<\/strong> pour renforcer l\u2019acc\u00e8s aux soins sur l\u2019ensemble du territoire communal. Plusieurs \u00e9tablissements ont vu le jour ces derniers mois, parmi lesquels la Maison de sant\u00e9 Espoirs d\u2019Asni\u00e8res (ao\u00fbt\u00a02023), le centre de sant\u00e9 Sorella Care <strong>d\u00e9di\u00e9 \u00e0 la sant\u00e9 des femmes<\/strong> (octobre\u00a02024), un centre de cardiologie (2022) ou encore <a href=\"https:\/\/actu.fr\/ile-de-france\/asnieres-sur-seine_92004\/asnieres-sur-seine-un-centre-medical-ephemere-ouvre-en-attendant-la-future-maison-de-sante_59642594.html\" target=\"_blank\" rel=\"noopener\">un centre de sant\u00e9 \u00e9ph\u00e9m\u00e8re<\/a> install\u00e9 \u00e0 l\u2019\u00e9t\u00e9 2023.<\/p>\n<p class=\" wall-content\">Et la dynamique ne s\u2019arr\u00eate pas l\u00e0\u2009: un centre de radiologie (IRM\/scanner) doit ouvrir rue des Mourinoux d\u2019ici fin 2025, tout comme un <strong>centre de sant\u00e9 associatif<\/strong> rue du M\u00e9nil. Deux appels \u00e0 manifestation d\u2019int\u00e9r\u00eat sont \u00e9galement en cours pour accueillir de nouveaux praticiens sur le boulevard Voltaire et l\u2019avenue d\u2019Argenteuil.<\/p>\n<p>Vid\u00e9os : en ce moment sur Actu<\/p>\n<p><strong>Infos pratiques<\/strong><br \/>Maison de sant\u00e9 quartier Bords de Seine, 10 rue Vladimir Kramnik<br \/>Ouverture courant mai<br \/>Consultations 7\u00a0jours sur 7<\/p>\n<p class=\" wall-content\">Suivez toute l\u2019actualit\u00e9 de vos villes et m\u00e9dias favoris en vous inscrivant \u00e0 <a href=\"https:\/\/moncompte.actu.fr\" title=\"D\u00e9couvez Mon Actu\" rel=\"nofollow noopener\" data-trk=\"{&quot;cta&quot;:{&quot;action&quot;:&quot;https:\\\/\\\/moncompte.actu.fr&quot;,&quot;category&quot;:&quot;mon compte&quot;,&quot;from&quot;:&quot;article footer&quot;,&quot;name&quot;:&quot;Mon actu&quot;,&quot;type&quot;:&quot;cta&quot;}}\" target=\"_blank\">Mon Actu<\/a>.<\/p>\n<ul class=\"ac-article-tag wall-content\">\n<li><a href=\"https:\/\/actu.fr\/tag\/desertification-medicale\" data-trk=\"{&quot;cta&quot;:{&quot;action&quot;:&quot;D\\u00e9sertification m\\u00e9dicale&quot;,&quot;category&quot;:&quot;tag&quot;,&quot;from&quot;:&quot;article footer&quot;,&quot;name&quot;:&quot;D\\u00e9sertification m\\u00e9dicale&quot;,&quot;type&quot;:&quot;cta&quot;}}\" target=\"_blank\" rel=\"noopener\">#D\u00e9sertification m\u00e9dicale<\/a><\/li>\n<li><a href=\"https:\/\/actu.fr\/tag\/sante\" data-trk=\"{&quot;cta&quot;:{&quot;action&quot;:&quot;Sant\\u00e9&quot;,&quot;category&quot;:&quot;tag&quot;,&quot;from&quot;:&quot;article footer&quot;,&quot;name&quot;:&quot;Sant\\u00e9&quot;,&quot;type&quot;:&quot;cta&quot;}}\" target=\"_blank\" rel=\"noopener\">#Sant\u00e9<\/a><\/li>\n<\/ul>\n","protected":false},"excerpt":{"rendered":"Par Hugo Hancewicz Publi\u00e9 le 9 mai 2025 \u00e0 6h44 \u00ab Absolument rien. \u00bb Le constat de la&hellip;\n","protected":false},"author":2,"featured_media":86035,"comment_status":"","ping_status":"","sticky":false,"template":"","format":"standard","meta":{"footnotes":""},"categories":[1888],"tags":[1111,1928,11,1927,16029,1777,674,1011,27,12,1926,626,1925,25,71,104],"class_list":{"0":"post-86034","1":"post","2":"type-post","3":"status-publish","4":"format-standard","5":"has-post-thumbnail","7":"category-paris","8":"tag-actu","9":"tag-actu-paris","10":"tag-actualites","11":"tag-actualites-paris","12":"tag-desertification-medicale","13":"tag-eu","14":"tag-europe","15":"tag-fr","16":"tag-france","17":"tag-news","18":"tag-news-paris","19":"tag-paris","20":"tag-paris-news","21":"tag-republique-francaise","22":"tag-sante","23":"tag-societe"},"share_on_mastodon":{"url":"https:\/\/pubeurope.com\/@fr\/114476152446702390","error":""},"_links":{"self":[{"href":"https:\/\/www.europesays.com\/fr\/wp-json\/wp\/v2\/posts\/86034","targetHints":{"allow":["GET"]}}],"collection":[{"href":"https:\/\/www.europesays.com\/fr\/wp-json\/wp\/v2\/posts"}],"about":[{"href":"https:\/\/www.europesays.com\/fr\/wp-json\/wp\/v2\/types\/post"}],"author":[{"embeddable":true,"href":"https:\/\/www.europesays.com\/fr\/wp-json\/wp\/v2\/users\/2"}],"replies":[{"embeddable":true,"href":"https:\/\/www.europesays.com\/fr\/wp-json\/wp\/v2\/comments?post=86034"}],"version-history":[{"count":0,"href":"https:\/\/www.europesays.com\/fr\/wp-json\/wp\/v2\/posts\/86034\/revisions"}],"wp:featuredmedia":[{"embeddable":true,"href":"https:\/\/www.europesays.com\/fr\/wp-json\/wp\/v2\/media\/86035"}],"wp:attachment":[{"href":"https:\/\/www.europesays.com\/fr\/wp-json\/wp\/v2\/media?parent=86034"}],"wp:term":[{"taxonomy":"category","embeddable":true,"href":"https:\/\/www.europesays.com\/fr\/wp-json\/wp\/v2\/categories?post=86034"},{"taxonomy":"post_tag","embeddable":true,"href":"https:\/\/www.europesays.com\/fr\/wp-json\/wp\/v2\/tags?post=86034"}],"curies":[{"name":"wp","href":"https:\/\/api.w.org\/{rel}","templated":true}]}}