{"id":86038,"date":"2025-05-09T05:11:10","date_gmt":"2025-05-09T05:11:10","guid":{"rendered":"https:\/\/www.europesays.com\/fr\/86038\/"},"modified":"2025-05-09T05:11:10","modified_gmt":"2025-05-09T05:11:10","slug":"a-paris-et-sur-les-reseaux-sociaux-ces-deux-jeunes-serrurieres-font-un-carton","status":"publish","type":"post","link":"https:\/\/www.europesays.com\/fr\/86038\/","title":{"rendered":"\u00e0 Paris et sur les r\u00e9seaux sociaux, ces deux jeunes serruri\u00e8res font un carton"},"content":{"rendered":"<p>            Par<br \/>\n        <strong><br \/>\n            <a href=\"https:\/\/actu.fr\/auteur\/ines-cussac-actu-fr\" title=\"Consulter tous les articles de In\u00e8s Cussac\" rel=\"nofollow noopener\" target=\"_blank\">In\u00e8s Cussac<\/a><br \/>\n        <\/strong><\/p>\n<p>        Publi\u00e9 le<\/p>\n<p>            9 mai 2025 \u00e0 6h06        <\/p>\n<p>Quand elles arrivent dans une cage d\u2019escalier pour changer une serrure de porte d\u2019entr\u00e9e, Sol\u00e8ne et Elie, 23 et 25\u00a0ans chacune, <strong>provoquent la surprise avant d\u2019inspirer confiance<\/strong> aussi rapidement. \u00ab\u2009Il y a souvent des arnaques avec de faux serruriers, ils ont l\u2019adresse et connaissent la serrure, \u00e7a peut inqui\u00e9ter les clients. Nous, en termes d\u2019intimidation, on ne fait pas trop peur\u2009\u00bb, reconna\u00eet Sol\u00e8ne.<br \/>Les deux jeunes femmes ont cr\u00e9\u00e9 leur entreprise en juillet\u00a02024, baptis\u00e9e \u00ab\u2009Luciole Serrurerie\u2009\u00bb qui intervient \u00e0 <a href=\"https:\/\/actu.fr\/ile-de-france\/paris_75056\" rel=\"nofollow noopener\" target=\"_blank\">Paris<\/a> et en <a href=\"https:\/\/actu.fr\/ile-de-france\/\" rel=\"nofollow noopener\" target=\"_blank\">\u00cele-de-France<\/a>. En parall\u00e8le, elles se sont aussi d\u00e9couvert une vocation d\u2019influenceuses. Ce qui aide, parfois, aupr\u00e8s des clients. \u00ab\u2009\u00c7a nous donne de la visibilit\u00e9, les gens connaissent d\u00e9j\u00e0 notre t\u00eate\u2009\u00bb, indique Sol\u00e8ne. Sur Instagram, le compte affiche pr\u00e8s de 19\u2009000 abonn\u00e9s au compteur et <strong>d\u00e9passe les 300\u2009000 vues sur TikTok<\/strong>. Une prouesse pour le duo qui s\u2019impose dans la serrurerie, un secteur domin\u00e9 par les hommes.<\/p>\n<p>Sexisme et misogynie<\/p>\n<p class=\" wall-content\">\u00ab\u2009C\u2019est un milieu ultra-masculin. On se prenait des remarques ultra-misogynes de nos coll\u00e8gues\u2009\u00bb, se souvient Sol\u00e8ne. Et du c\u00f4t\u00e9 des clients, les commentaires ne sont pas mieux\u2009: \u00ab\u2009Des clients ne voulaient pas que ce soit une femme qui intervienne. On nous disait que <strong>notre place \u00e9tait dans la cuisine<\/strong> ou derri\u00e8re un bureau.\u2009\u00bb<\/p>\n<p class=\" wall-content\">Pas de quoi d\u00e9courager les deux serruri\u00e8res qui ne se connaissaient pas au d\u00e9part. L\u2019une, Elie, travaillait dans plusieurs branches d\u2019activit\u00e9s li\u00e9es au spectacle notamment. L\u2019autre, Sol\u00e8ne, est tomb\u00e9e dedans quand elle \u00e9tait petite. Gr\u00e2ce \u00e0 son p\u00e8re qui pratique ce m\u00e9tier, elle \u00ab\u2009touche depuis toujours des serrures\u2009\u00bb.<\/p>\n<p class=\" wall-content\"><a href=\"https:\/\/www.instagram.com\/p\/DC4kCcyCZX1\/embed\" title=\"Ouvrir le lien sur Instagram\" rel=\"nofollow noopener\" target=\"_blank\">Visualiser le contenu sur Instagram<\/a><\/p>\n<p class=\" wall-content\">Cette derni\u00e8re s\u2019\u00e9tait par ailleurs d\u00e9j\u00e0 lanc\u00e9e sur les r\u00e9seaux sociaux pour parler de son activit\u00e9. Montrer et expliquer les pi\u00e8ces qu\u2019elle manipule est un point important pour la jeune femme qui ne voyait pas ce canal de diffusion comme moyen pour faire la promotion de son entreprise. \u00ab\u2009C\u2019\u00e9tait un cr\u00e9neau tr\u00e8s peu pris par les serruriers, \u00e7a donnait de la visibilit\u00e9 mais surtout \u00e7a permettait de <strong>pr\u00e9venir des arnaques<\/strong>\u2009\u00bb, indique la serruri\u00e8re \u00e0 la t\u00eate ch\u00e2tain. De son c\u00f4t\u00e9, Elie voulait s\u2019associer avec une femme pour cr\u00e9er une entreprise 100\u2009% f\u00e9minine et dire adieu aux clich\u00e9s qui collent \u00e0 la peau de ce m\u00e9tier. \u00ab\u2009Tout \u00e7a ensemble, \u00e7a faisait d\u00e9j\u00e0 une bonne base\u2009\u00bb, revoit Sol\u00e8ne. La f\u00e9minisation de la profession progresse mais lentement. Selon la F\u00e9d\u00e9ration fran\u00e7aise du b\u00e2timent, en 2024, les femmes repr\u00e9sentaient environ 13,3\u2009% des effectifs dans le secteur.<\/p>\n<p>\u00ab\u00a0Les femmes font confiance aux femmes\u00a0\u00bb<\/p>\n<p class=\" wall-content\">Et depuis un an et demi, l\u2019entreprise d\u00e9colle. Dans les colonnes de Technikart, devant les cam\u00e9ras de Brut, M6 et TF1 ou encore dans les recommandations de Binge Audio, les deux jeunes femmes prennent le terrain. Elles ont m\u00eame lanc\u00e9 une campagne de recrutement pour un poste en CDI. \u00ab\u00a0Nous avons re\u00e7u des candidatures plut\u00f4t f\u00e9minines, avec seulement trois hommes\u00a0\u00bb, reconna\u00eet Sol\u00e8ne.<\/p>\n<p class=\" wall-content\">Du c\u00f4t\u00e9 relationnel, les clients ne sont plus vraiment les m\u00eames. Parmi ceux qui les choisissent apr\u00e8s avoir vu leurs interventions sur les r\u00e9seaux sociaux, \u00ab\u2009il y a vachement de femmes\u2009\u00bb, fait savoir la serruri\u00e8re-influenceuse. \u00ab\u2009Les femmes ont plus confiance avec des femmes. Quand on intervient, on devient un peu le psy des clients. Le changement d\u2019une serrure c\u2019est souvent pour un d\u00e9m\u00e9nagement ou apr\u00e8s un divorce\u2026 <strong>Ce sont des moments cl\u00e9s<\/strong>, donc la discussion vient facilement.\u2009\u00bb<\/p>\n<p class=\" wall-content\">Suivez toute l\u2019actualit\u00e9 de vos villes et m\u00e9dias favoris en vous inscrivant \u00e0 <a href=\"https:\/\/moncompte.actu.fr\" title=\"D\u00e9couvez Mon Actu\" rel=\"nofollow noopener\" data-trk=\"{&quot;cta&quot;:{&quot;action&quot;:&quot;https:\\\/\\\/moncompte.actu.fr&quot;,&quot;category&quot;:&quot;mon compte&quot;,&quot;from&quot;:&quot;article footer&quot;,&quot;name&quot;:&quot;Mon actu&quot;,&quot;type&quot;:&quot;cta&quot;}}\" target=\"_blank\">Mon Actu<\/a>.<\/p>\n<p>                    <script async src=\"\/\/www.instagram.com\/embed.js\"><\/script><\/p>\n","protected":false},"excerpt":{"rendered":"Par In\u00e8s Cussac Publi\u00e9 le 9 mai 2025 \u00e0 6h06 Quand elles arrivent dans une cage d\u2019escalier pour&hellip;\n","protected":false},"author":2,"featured_media":86039,"comment_status":"","ping_status":"","sticky":false,"template":"","format":"standard","meta":{"footnotes":""},"categories":[1888],"tags":[11,1777,674,1011,27,12,626,25,938,104],"class_list":{"0":"post-86038","1":"post","2":"type-post","3":"status-publish","4":"format-standard","5":"has-post-thumbnail","7":"category-paris","8":"tag-actualites","9":"tag-eu","10":"tag-europe","11":"tag-fr","12":"tag-france","13":"tag-news","14":"tag-paris","15":"tag-republique-francaise","16":"tag-reseaux-sociaux","17":"tag-societe"},"share_on_mastodon":{"url":"https:\/\/pubeurope.com\/@fr\/114476160525719722","error":""},"_links":{"self":[{"href":"https:\/\/www.europesays.com\/fr\/wp-json\/wp\/v2\/posts\/86038","targetHints":{"allow":["GET"]}}],"collection":[{"href":"https:\/\/www.europesays.com\/fr\/wp-json\/wp\/v2\/posts"}],"about":[{"href":"https:\/\/www.europesays.com\/fr\/wp-json\/wp\/v2\/types\/post"}],"author":[{"embeddable":true,"href":"https:\/\/www.europesays.com\/fr\/wp-json\/wp\/v2\/users\/2"}],"replies":[{"embeddable":true,"href":"https:\/\/www.europesays.com\/fr\/wp-json\/wp\/v2\/comments?post=86038"}],"version-history":[{"count":0,"href":"https:\/\/www.europesays.com\/fr\/wp-json\/wp\/v2\/posts\/86038\/revisions"}],"wp:featuredmedia":[{"embeddable":true,"href":"https:\/\/www.europesays.com\/fr\/wp-json\/wp\/v2\/media\/86039"}],"wp:attachment":[{"href":"https:\/\/www.europesays.com\/fr\/wp-json\/wp\/v2\/media?parent=86038"}],"wp:term":[{"taxonomy":"category","embeddable":true,"href":"https:\/\/www.europesays.com\/fr\/wp-json\/wp\/v2\/categories?post=86038"},{"taxonomy":"post_tag","embeddable":true,"href":"https:\/\/www.europesays.com\/fr\/wp-json\/wp\/v2\/tags?post=86038"}],"curies":[{"name":"wp","href":"https:\/\/api.w.org\/{rel}","templated":true}]}}