{"id":86040,"date":"2025-05-09T05:12:20","date_gmt":"2025-05-09T05:12:20","guid":{"rendered":"https:\/\/www.europesays.com\/fr\/86040\/"},"modified":"2025-05-09T05:12:20","modified_gmt":"2025-05-09T05:12:20","slug":"le-coup-de-chaud-se-confirme-sur-paris-et-la-region-parisienne-ce-week-end-plus-de-25-degres-attendus","status":"publish","type":"post","link":"https:\/\/www.europesays.com\/fr\/86040\/","title":{"rendered":"le coup de chaud se confirme sur Paris et la r\u00e9gion parisienne ce week-end ! Plus de 25 degr\u00e9s attendus ?"},"content":{"rendered":"<p> <img decoding=\"async\" fetchpriority=\"high\" src=\"https:\/\/www.europesays.com\/fr\/wp-content\/uploads\/2025\/05\/dailymotion-x9j7a68_1024.jpg\"  width=\"768\" height=\"432\" id=\"x9j7a68\"\/>  <\/p>\n<p>C\u2019est une nouvelle hausse des temp\u00e9ratures qui va concerner la capitale et la r\u00e9gion parisienne ce week-end. La barre des 25 degr\u00e9s sera-t-elle \u00e0 nouveau franchie ? Retrouvez nos pr\u00e9visions compl\u00e8tes dans cet article.<\/p>\n<p>    <img decoding=\"async\" fetchpriority=\"high\" src=\"https:\/\/www.europesays.com\/fr\/wp-content\/uploads\/2025\/04\/marc-hay.jpg\" alt=\"Marc Hay\" width=\"40\" height=\"40\"\/>    <a class=\"nombre text-hv\" href=\"https:\/\/www.tameteo.com\/auteur\/marc-hay\/\" title=\"Marc Hay\" target=\"_blank\" rel=\"noopener\">Marc Hay<\/a>         09\/05\/2025 06:00   3 min   <\/p>\n<p>Au plus pr\u00e8s de l&rsquo;anticyclone, les conditions m\u00e9t\u00e9o vont une nouvelle fois s&rsquo;am\u00e9liorer au cours des prochaines heures en \u00cele-de-France,<strong> avec un soleil g\u00e9n\u00e9reux et des temp\u00e9ratures orient\u00e9es \u00e0 la hausse. <\/strong>Alors que la chaleur s\u2019est impos\u00e9e la semaine derni\u00e8re avec des temp\u00e9ratures approchant localement les 30 degr\u00e9s \u00e0 l\u2019ombre, <strong>c\u2019est \u00e0 nouveau un ressenti de plus en plus estival qui va s\u2019installer sur la r\u00e9gion.<\/strong><\/p>\n<p>La chaleur restera tr\u00e8s mesur\u00e9e dans un premier temps,<strong> en raison d\u2019un vent de nord-est encore sensible, <\/strong>ce qui n\u2019emp\u00eachera toutefois pas les temp\u00e9ratures de progresser l\u00e9g\u00e8rement.<\/p>\n<p>Une v\u00e9ritable hausse des temp\u00e9ratures est attendue ce week-end, <strong>avec des valeurs en nette augmentation <\/strong>qui devraient localement d\u00e9passer la barre des 25 degr\u00e9s. Selon les derni\u00e8res pr\u00e9visions, <strong>c\u2019est la journ\u00e9e de dimanche qui s\u2019annonce la plus chaude.<\/strong><\/p>\n<p><strong>\u00c0 quoi faut-il concr\u00e8tement s\u2019attendre en r\u00e9gion parisienne ?<\/strong> Retrouvez nos pr\u00e9visions compl\u00e8tes dans cet article.<\/p>\n<p>Un vent encore sensible <\/p>\n<p>Cet apr\u00e8s-midi, les belles \u00e9claircies vont se maintenir en r\u00e9gion parisienne. Toutefois,<strong> le vent de secteur nord-est restera sensible, <\/strong>avec des pointes approchant les 40 km\/h.<\/p>\n<p><img loading=\"lazy\" decoding=\"async\" fetchpriority=\"low\" class=\"lazy \" src=\"https:\/\/www.europesays.com\/fr\/wp-content\/uploads\/2025\/05\/meteo-le-coup-de-chaud-se-confirme-sur-paris-et-la-region-parisienne-ce-week-end-plus-de-25-degres-a.png\"  width=\"768\" height=\"432\" data-image=\"se1agmh8nqbc\"\/><\/p>\n<p><strong>Une tr\u00e8s l\u00e9g\u00e8re hausse de la temp\u00e9rature est attendue \u00e0 <a href=\"https:\/\/www.tameteo.com\/meteo_Paris-Europe-France-Paris-LFPB-1-26048.html\" data-mrf-recirculation=\"cuerpo_intext\" target=\"_blank\" rel=\"noopener\">Paris<\/a> <\/strong>par rapport \u00e0 hier. Alors que la barre des 20 degr\u00e9s n\u2019a pas \u00e9t\u00e9 franchie hier apr\u00e8s-midi (19,8\u00b0C relev\u00e9s au parc Montsouris),<strong> 21 degr\u00e9s sont pr\u00e9vus cet apr\u00e8s-midi.<\/strong> Le vent de nord-est limitera toutefois le ressenti printanier.<\/p>\n<p><a class=\"imagen \" href=\"https:\/\/www.tameteo.com\/actualites\/astronomie\/une-enorme-tache-solaire-fonce-vers-la-terre-et-se-comporte-de-facon-inattendue-que-va-t-il-se-passer-planete-terre-tempete-geomagnetique.html\" title=\"Une \u00e9norme tache solaire fonce vers la Terre\u2026 et se comporte de fa\u00e7on inattendue ! Que va-t-il se passer ? \" target=\"_blank\" rel=\"noopener\"><img loading=\"lazy\" decoding=\"async\" fetchpriority=\"low\" class=\"lazy img-body non-editable\" src=\"https:\/\/www.europesays.com\/fr\/wp-content\/uploads\/2025\/05\/una-macchia-solare-gigantesca-sta-puntando-la-terra-di-solito-provoca-grandi-tempeste-sta-accadendo-.jpeg\"  width=\"320\" height=\"225\" alt=\"Une \u00e9norme tache solaire fonce vers la Terre\u2026 et se comporte de fa\u00e7on inattendue ! Que va-t-il se passer ? \"\/><\/a>Un cran plus chaud demain<\/p>\n<p>Demain, un soleil g\u00e9n\u00e9reux va s\u2019imposer<strong> et de l\u2019air plus chaud remontera cette fois-ci vers la r\u00e9gion parisienne.<\/strong> L\u2019arr\u00eat du vent de secteur nord-est permettra \u00e0 une belle impression printani\u00e8re de s\u2019installer sur la r\u00e9gion.<\/p>\n<p><img loading=\"lazy\" decoding=\"async\" fetchpriority=\"low\" class=\"lazy \" src=\"https:\/\/www.europesays.com\/fr\/wp-content\/uploads\/2025\/05\/1746767539_135_meteo-le-coup-de-chaud-se-confirme-sur-paris-et-la-region-parisienne-ce-week-end-plus-de-25-degres-a.png\"  width=\"768\" height=\"432\" alt=\"Belle hausse des temp\u00e9ratures ce samedi apr\u00e8s-midi.\" title=\"Belle hausse des temp\u00e9ratures ce samedi apr\u00e8s-midi.\" data-image=\"33m6p7x54k3f\"\/>Belle hausse des temp\u00e9ratures ce samedi apr\u00e8s-midi.<\/p>\n<p><strong>Les temp\u00e9ratures gagneront 2 \u00e0 3 degr\u00e9s par rapport \u00e0 cet apr\u00e8s-midi <\/strong>et se situeront d\u00e8s demain au-dessus des valeurs de saison. <\/p>\n<p>Il est pr\u00e9vu jusqu\u2019\u00e0 23 degr\u00e9s \u00e0 Paris ce samedi apr\u00e8s-midi \u00e0 l\u2019ombre.<\/p>\n<p>Dimanche : journ\u00e9e la plus chaude <\/p>\n<p>Dimanche, \u00e0 l\u2019avant d\u2019une d\u00e9gradation orageuse, <strong>de l\u2019air encore plus chaud devrait remonter sur la r\u00e9gion parisienne.<\/strong> Le ressenti sera cette fois-ci estival, avec la poursuite de conditions ensoleill\u00e9es.<\/p>\n<p><img loading=\"lazy\" decoding=\"async\" fetchpriority=\"low\" class=\"lazy \" src=\"https:\/\/www.europesays.com\/fr\/wp-content\/uploads\/2025\/05\/1746767539_151_meteo-le-coup-de-chaud-se-confirme-sur-paris-et-la-region-parisienne-ce-week-end-plus-de-25-degres-a.png\"  width=\"768\" height=\"432\" alt=\"Temp\u00e9ratures tr\u00e8s nettement sup\u00e9rieures aux normales de saison dimanche apr\u00e8s-midi.\" title=\"Temp\u00e9ratures tr\u00e8s nettement sup\u00e9rieures aux normales de saison dimanche apr\u00e8s-midi.\" data-image=\"k8cas2nvbe0h\"\/>Temp\u00e9ratures tr\u00e8s nettement sup\u00e9rieures aux normales de saison dimanche apr\u00e8s-midi. <\/p>\n<p>Comme le montre la carte ci-dessus,<strong> les temp\u00e9ratures se situeront dimanche apr\u00e8s-midi plus de 5 degr\u00e9s au-dessus des normales de saison.<\/strong><\/p>\n<p>Il est notamment pr\u00e9vu 25 degr\u00e9s dans Paris, mais tr\u00e8s localement, <strong>cette barre symbolique pourrait \u00eatre d\u00e9pass\u00e9e en <a href=\"https:\/\/www.tameteo.com\/meteo-Europe-France-Ile+de+France-1-1-135-29.html\" data-mrf-recirculation=\"cuerpo_intext\" target=\"_blank\" rel=\"noopener\">\u00cele-de-France<\/a>.<\/strong><\/p>\n<p><a class=\"imagen \" href=\"https:\/\/www.tameteo.com\/actualites\/science\/et-si-le-bois-remplacait-bientot-le-beton-pour-des-constructions-plus-durables.html\" title=\"Et si le bois rempla\u00e7ait bient\u00f4t le b\u00e9ton pour des constructions plus durables ?\" target=\"_blank\" rel=\"noopener\"><img loading=\"lazy\" decoding=\"async\" fetchpriority=\"low\" class=\"lazy img-body non-editable\" src=\"https:\/\/www.europesays.com\/fr\/wp-content\/uploads\/2025\/05\/et-si-le-bois-remplacait-bientot-le-beton-pour-des-constructions-plus-durables-1746692963831_320.jpe\"  width=\"320\" height=\"225\" alt=\"Et si le bois rempla\u00e7ait bient\u00f4t le b\u00e9ton pour des constructions plus durables ?\"\/><\/a><\/p>\n<p><strong>La d\u00e9gradation orageuse attendue dimanche soir (vers 19\/20 heures)<\/strong> devrait faire baisser les temp\u00e9ratures de plusieurs degr\u00e9s.<\/p>\n","protected":false},"excerpt":{"rendered":"C\u2019est une nouvelle hausse des temp\u00e9ratures qui va concerner la capitale et la r\u00e9gion parisienne ce week-end. La&hellip;\n","protected":false},"author":2,"featured_media":86041,"comment_status":"","ping_status":"","sticky":false,"template":"","format":"standard","meta":{"footnotes":""},"categories":[1888],"tags":[11,13208,1777,674,1011,27,662,2487,12,626,8857,25,4064],"class_list":{"0":"post-86040","1":"post","2":"type-post","3":"status-publish","4":"format-standard","5":"has-post-thumbnail","7":"category-paris","8":"tag-actualites","9":"tag-chaleur","10":"tag-eu","11":"tag-europe","12":"tag-fr","13":"tag-france","14":"tag-ile-de-france","15":"tag-meteo","16":"tag-news","17":"tag-paris","18":"tag-region-parisienne","19":"tag-republique-francaise","20":"tag-week-end"},"share_on_mastodon":{"url":"https:\/\/pubeurope.com\/@fr\/114476164366244862","error":""},"_links":{"self":[{"href":"https:\/\/www.europesays.com\/fr\/wp-json\/wp\/v2\/posts\/86040","targetHints":{"allow":["GET"]}}],"collection":[{"href":"https:\/\/www.europesays.com\/fr\/wp-json\/wp\/v2\/posts"}],"about":[{"href":"https:\/\/www.europesays.com\/fr\/wp-json\/wp\/v2\/types\/post"}],"author":[{"embeddable":true,"href":"https:\/\/www.europesays.com\/fr\/wp-json\/wp\/v2\/users\/2"}],"replies":[{"embeddable":true,"href":"https:\/\/www.europesays.com\/fr\/wp-json\/wp\/v2\/comments?post=86040"}],"version-history":[{"count":0,"href":"https:\/\/www.europesays.com\/fr\/wp-json\/wp\/v2\/posts\/86040\/revisions"}],"wp:featuredmedia":[{"embeddable":true,"href":"https:\/\/www.europesays.com\/fr\/wp-json\/wp\/v2\/media\/86041"}],"wp:attachment":[{"href":"https:\/\/www.europesays.com\/fr\/wp-json\/wp\/v2\/media?parent=86040"}],"wp:term":[{"taxonomy":"category","embeddable":true,"href":"https:\/\/www.europesays.com\/fr\/wp-json\/wp\/v2\/categories?post=86040"},{"taxonomy":"post_tag","embeddable":true,"href":"https:\/\/www.europesays.com\/fr\/wp-json\/wp\/v2\/tags?post=86040"}],"curies":[{"name":"wp","href":"https:\/\/api.w.org\/{rel}","templated":true}]}}