{"id":86050,"date":"2025-05-09T05:17:09","date_gmt":"2025-05-09T05:17:09","guid":{"rendered":"https:\/\/www.europesays.com\/fr\/86050\/"},"modified":"2025-05-09T05:17:09","modified_gmt":"2025-05-09T05:17:09","slug":"a-gorlitz-en-allemagne-la-peur-detre-en-premiere-ligne-en-cas-de-guerre-liberation","status":"publish","type":"post","link":"https:\/\/www.europesays.com\/fr\/86050\/","title":{"rendered":"A G\u00f6rlitz en Allemagne, la peur d\u2019\u00eatre en \u00abpremi\u00e8re ligne\u00bb en cas de guerre \u2013 Lib\u00e9ration"},"content":{"rendered":"<p class=\"sc-ksZaOG ehjQrN text-element\">G\u00f6rlitz, c\u2019est un peu le \u00abmonde d\u2019hier\u00bb d\u00e9crit par Stefan Zweig dans ses m\u00e9moires, le monde d\u2019avant les nazis. Les ruelles pav\u00e9es, les \u00e9glises baroques et les immeubles de la Renaissance attirent chaque ann\u00e9e environ 150 000 touristes. En 1945, ce lieu idyllique devait subir le m\u00eame sort que Dresde, mais il n\u2019a pas \u00e9t\u00e9 ras\u00e9, \u00e9pargn\u00e9 in extremis par la capitulation du 8 mai 1945.<\/p>\n<p class=\"sc-ksZaOG ehjQrN text-element\">Quatre-vingts ans apr\u00e8s la d\u00e9faite de l\u2019Allemagne nazie, cependant, la peur de la guerre est revenue \u00e0 G\u00f6rlitz. \u00abOn voit des poids lourds transportant des v\u00e9hicules blind\u00e9s sur l\u2019autoroute A4 en direction de l\u2019Ukraine et des trains charg\u00e9s de mat\u00e9riels militaires \u00e0 la gare\u00bb, raconte le cur\u00e9 de la paroisse catholique, Roland Elsner. \u00abLes fid\u00e8les me demandent de quoi l\u2019avenir sera fait\u00bb, ajoute-t-il.<\/p>\n<p class=\"sc-ksZaOG ehjQrN text-element\">G\u00f6rlitz est le symbole de la \u00abZeitenwende\u00bb (\u00abchangement d\u2019\u00e9poque\u00bb) d\u00e9cr\u00e9t\u00e9 en f\u00e9vrier 2022 par l\u2019ancien chancelier Olaf Scholz apr\u00e8s l\u2019attaque russe contre l\u2019Ukraine. Nulle part ailleurs en Allemagne, le malaise n\u2019est aussi grand. \u00abOn ne croyait pas ici que les Russes puissent un jour nous menacer. Certains continuent \u00e0 le penser\u00bb, r\u00e9sume le cur\u00e9.<\/p>\n<p class=\"sc-ksZaOG ehjQrN text-element\">L\u2019annonce de la reconversion de l\u2019usine de construction ferroviaire en fabrique d\u2019armes a marqu\u00e9 un tournant pour une ville qui fabriquait des trains depuis cent-soixante-quinze ans. Le fran\u00e7ais Alstom a revendu le site <a href=\"https:\/\/www.liberation.fr\/international\/europe\/on-soccupe-du-sensible-de-la-haute-technicite-dans-le-ber&lt;\/p&gt;&lt;\/div&gt;&lt;\/article&gt;&lt;\/div&gt;&lt;div data-fusion-lazy-id=\" f0f8vgvlad832fw=\"\" rel=\"nofollow noopener\" target=\"_blank\"><\/p>\n","protected":false},"excerpt":{"rendered":"G\u00f6rlitz, c\u2019est un peu le \u00abmonde d\u2019hier\u00bb d\u00e9crit par Stefan Zweig dans ses m\u00e9moires, le monde d\u2019avant les&hellip;\n","protected":false},"author":2,"featured_media":86051,"comment_status":"","ping_status":"","sticky":false,"template":"","format":"standard","meta":{"footnotes":""},"categories":[1587],"tags":[11,1862,672,1804,1805,554,1803,1777,674,1801,12,1802,297],"class_list":{"0":"post-86050","1":"post","2":"type-post","3":"status-publish","4":"format-standard","5":"has-post-thumbnail","7":"category-allemagne","8":"tag-actualites","9":"tag-afd","10":"tag-allemagne","11":"tag-bundesrepublik-deutschland","12":"tag-de","13":"tag-defense","14":"tag-deutschland","15":"tag-eu","16":"tag-europe","17":"tag-germany","18":"tag-news","19":"tag-republique-federale-dallemagne","20":"tag-ukraine-la-crise"},"share_on_mastodon":{"url":"https:\/\/pubeurope.com\/@fr\/114476183969039490","error":""},"_links":{"self":[{"href":"https:\/\/www.europesays.com\/fr\/wp-json\/wp\/v2\/posts\/86050","targetHints":{"allow":["GET"]}}],"collection":[{"href":"https:\/\/www.europesays.com\/fr\/wp-json\/wp\/v2\/posts"}],"about":[{"href":"https:\/\/www.europesays.com\/fr\/wp-json\/wp\/v2\/types\/post"}],"author":[{"embeddable":true,"href":"https:\/\/www.europesays.com\/fr\/wp-json\/wp\/v2\/users\/2"}],"replies":[{"embeddable":true,"href":"https:\/\/www.europesays.com\/fr\/wp-json\/wp\/v2\/comments?post=86050"}],"version-history":[{"count":0,"href":"https:\/\/www.europesays.com\/fr\/wp-json\/wp\/v2\/posts\/86050\/revisions"}],"wp:featuredmedia":[{"embeddable":true,"href":"https:\/\/www.europesays.com\/fr\/wp-json\/wp\/v2\/media\/86051"}],"wp:attachment":[{"href":"https:\/\/www.europesays.com\/fr\/wp-json\/wp\/v2\/media?parent=86050"}],"wp:term":[{"taxonomy":"category","embeddable":true,"href":"https:\/\/www.europesays.com\/fr\/wp-json\/wp\/v2\/categories?post=86050"},{"taxonomy":"post_tag","embeddable":true,"href":"https:\/\/www.europesays.com\/fr\/wp-json\/wp\/v2\/tags?post=86050"}],"curies":[{"name":"wp","href":"https:\/\/api.w.org\/{rel}","templated":true}]}}