{"id":8606,"date":"2025-04-07T19:39:20","date_gmt":"2025-04-07T19:39:20","guid":{"rendered":"https:\/\/www.europesays.com\/fr\/8606\/"},"modified":"2025-04-07T19:39:20","modified_gmt":"2025-04-07T19:39:20","slug":"art-paris-2025-investit-le-grand-palais-pour-une-edition-encore-plus-riche","status":"publish","type":"post","link":"https:\/\/www.europesays.com\/fr\/8606\/","title":{"rendered":"Art Paris 2025 investit le Grand Palais pour une \u00e9dition encore plus riche"},"content":{"rendered":"<p>La 27e \u00e9dition d&rsquo;Art Paris se tient du 3 au 6 avril 2025 dans les espaces r\u00e9nov\u00e9s du Grand Palais.Ce rendez-vous incontournable de l&rsquo;art contemporain r\u00e9unira 170 exposants venus de 25 pays diff\u00e9rents.Deux th\u00e9matiques seront mises \u00e0 l&rsquo;honneur : \u00ab\u00a0Immortelle\u00a0\u00bb, sur la peinture figurative en France, et \u00ab\u00a0Hors limites\u00a0\u00bb, qui explorera le m\u00e9tissage.<\/p>\n<p data-module=\"article-paragraph\" class=\"jsx-362436225 Paragraph Paragraph__End\">C&rsquo;est le rendez-vous incontournable des amoureux d&rsquo;art contemporain. Art Paris prend ses quartiers au Grand Palais du 3 au 6 avril 2025, pour une 27e \u00e9dition qui accueillera 170 exposants de 25 pays, soit 34 de plus qu&rsquo;en 2024. \u00ab\u00a0Avec 60% d\u2019exposants fran\u00e7ais, 40% venant de l&rsquo;\u00e9tranger et 36% de nouvelles participations, Art Paris met en avant la richesse de l&rsquo;\u00e9cosyst\u00e8me des galeries hexagonales : des enseignes incontournables en art moderne et contemporain aux galeries de r\u00e9gions tout en passant par le soutien aux plus jeunes structures\u00a0\u00bb, expliquent les organisateurs de la manifestation marqu\u00e9e par deux th\u00e9matiques phares.<\/p>\n<p data-module=\"article-paragraph\" class=\"jsx-362436225 Paragraph Paragraph__End\">La premi\u00e8re, \u00ab\u00a0Immortelle\u00a0\u00bb, sous le commissariat d\u2019Am\u00e9lie Adamo et Numa Hambursin, propose de porter un regard sur la peinture figurative en France avec une s\u00e9lection de 30 artistes. La seconde, baptis\u00e9e \u00ab\u00a0Hors limites\u00a0\u00bb et con\u00e7ue par Simon Lamuni\u00e8re, met en avant 18 artistes internationaux qui explorent la cr\u00e9ation contemporaine sous le prisme du m\u00e9tissage et de l\u2019hybridation culturelle.<\/p>\n<p>Des talents venus du monde entier<\/p>\n<p data-module=\"article-paragraph\" class=\"jsx-362436225 Paragraph Paragraph__End\">Nouveaut\u00e9 de l&rsquo;\u00e9dition 2025, le secteur \u00ab\u00a0Promesses\u00a0\u00bb accueillera 25 jeunes galeries dont 59 % d&rsquo;\u00e9trang\u00e8res en provenance notamment d&rsquo;Afrique du Sud, du Kowe\u00eft, du Japon, du Guatemala ou encore de Singapour. L&rsquo;occasion de d\u00e9couvrir des talents du monde entier. Diss\u00e9min\u00e9es au sein du secteur g\u00e9n\u00e9ral et de la section \u00ab\u00a0Promesses\u00a0\u00bb, 26 expositions monographiques proposeront aussi au public de d\u00e9couvrir ou red\u00e9couvrir le travail d&rsquo;artistes modernes, contemporains ou \u00e9mergents<\/p>\n<ul class=\"jsx-658110588 ReadMoreArticle__List flex flex-column\">\n<li class=\"jsx-658110588\"><a href=\"https:\/\/www.tf1info.fr\/culture\/tous-leger-au-musee-du-luxembourg-a-paris-une-exposition-qui-veut-ouvrir-l-art-a-tous-2360081.html\" rel=\"noopener\" class=\"jsx-4233824444 Link flex\" target=\"_blank\"><img decoding=\"async\" src=\"https:\/\/www.europesays.com\/fr\/wp-content\/uploads\/2025\/04\/tous-leger-a8051f-1@1x.jpeg\" alt=\"L'exposition &quot;Tous L\u00e9ger&quot;, au Mus\u00e9e du Luxembourg \u00e0 Paris.\" loading=\"lazy\" importance=\"low\" fetchpriority=\"low\" class=\"\" copyright=\"TF1\"\/>\n<p class=\"jsx-658110588 ReadMoreArticle__Title\">Lire aussi<\/p>\n<p class=\"jsx-658110588\">\u00ab\u00a0Tous L\u00e9ger\u00a0\u00bb au Mus\u00e9e du Luxembourg \u00e0 Paris : une exposition qui veut ouvrir l&rsquo;art \u00e0 tous <\/p>\n<p><\/a><\/li>\n<\/ul>\n<p data-module=\"article-paragraph\" class=\"jsx-362436225 Paragraph Paragraph__End\">Le parvis du Grand Palais accueillera quant \u00e0 lui deux installations monumentales de l&rsquo;artiste franco-britannique Sophie Ryder : \u00ab\u00a0Girl With Knees Up\u00a0\u00bb et \u00ab\u00a0Sitting Minotaure\u00a0\u00bb. Des \u0153uvres de 6 m\u00e8tres de haut r\u00e9alis\u00e9es en fil de fer qui \u00e9voluent en fonction de la lumi\u00e8re.<\/p>\n<p data-module=\"article-paragraph\" class=\"jsx-362436225 Paragraph Paragraph__End\"><strong>Art Paris, du 3 au 6 avril, au Grand Palais, 7, avenue Winston Curchill, Paris 8e. Retrouvez toutes les informations pratiques <\/strong><a href=\"https:\/\/www.artparis.com\/fr\" target=\"_blank\" rel=\"nofollow noopener\"><strong>sur le site officiel.<\/strong> (nouvelle fen\u00eatre)<\/a><\/p>\n<p>Rania HOBALLAH<\/p>\n","protected":false},"excerpt":{"rendered":"La 27e \u00e9dition d&rsquo;Art Paris se tient du 3 au 6 avril 2025 dans les espaces r\u00e9nov\u00e9s du&hellip;\n","protected":false},"author":2,"featured_media":8607,"comment_status":"","ping_status":"","sticky":false,"template":"","format":"standard","meta":{"footnotes":""},"categories":[1358],"tags":[1111,11,1921,1348,1384,1385,1386,58,59,1011,27,1922,2041,626,1669,133,2040],"class_list":{"0":"post-8606","1":"post","2":"type-post","3":"status-publish","4":"format-standard","5":"has-post-thumbnail","7":"category-arts-et-design","8":"tag-actu","9":"tag-actualites","10":"tag-article-video","11":"tag-arts","12":"tag-arts-and-design","13":"tag-arts-et-design","14":"tag-design","15":"tag-divertissement","16":"tag-entertainment","17":"tag-fr","18":"tag-france","19":"tag-info","20":"tag-medias-et-divertissement","21":"tag-paris","22":"tag-sorties","23":"tag-video","24":"tag-video-culture"},"share_on_mastodon":{"url":"https:\/\/pubeurope.com\/@fr\/114298379672908720","error":""},"_links":{"self":[{"href":"https:\/\/www.europesays.com\/fr\/wp-json\/wp\/v2\/posts\/8606","targetHints":{"allow":["GET"]}}],"collection":[{"href":"https:\/\/www.europesays.com\/fr\/wp-json\/wp\/v2\/posts"}],"about":[{"href":"https:\/\/www.europesays.com\/fr\/wp-json\/wp\/v2\/types\/post"}],"author":[{"embeddable":true,"href":"https:\/\/www.europesays.com\/fr\/wp-json\/wp\/v2\/users\/2"}],"replies":[{"embeddable":true,"href":"https:\/\/www.europesays.com\/fr\/wp-json\/wp\/v2\/comments?post=8606"}],"version-history":[{"count":0,"href":"https:\/\/www.europesays.com\/fr\/wp-json\/wp\/v2\/posts\/8606\/revisions"}],"wp:featuredmedia":[{"embeddable":true,"href":"https:\/\/www.europesays.com\/fr\/wp-json\/wp\/v2\/media\/8607"}],"wp:attachment":[{"href":"https:\/\/www.europesays.com\/fr\/wp-json\/wp\/v2\/media?parent=8606"}],"wp:term":[{"taxonomy":"category","embeddable":true,"href":"https:\/\/www.europesays.com\/fr\/wp-json\/wp\/v2\/categories?post=8606"},{"taxonomy":"post_tag","embeddable":true,"href":"https:\/\/www.europesays.com\/fr\/wp-json\/wp\/v2\/tags?post=8606"}],"curies":[{"name":"wp","href":"https:\/\/api.w.org\/{rel}","templated":true}]}}