{"id":86075,"date":"2025-05-09T05:32:09","date_gmt":"2025-05-09T05:32:09","guid":{"rendered":"https:\/\/www.europesays.com\/fr\/86075\/"},"modified":"2025-05-09T05:32:09","modified_gmt":"2025-05-09T05:32:09","slug":"lorsque-lepouse-est-dans-les-parages-natasha-st-pier-etjean-luc-reichmann-revelations-sur-leur-relation","status":"publish","type":"post","link":"https:\/\/www.europesays.com\/fr\/86075\/","title":{"rendered":"\u00ab\u00a0Lorsque l&rsquo;\u00e9pouse est dans les parages\u2026\u00a0\u00bb : Natasha St-Pier etJean-Luc Reichmann, r\u00e9v\u00e9lations sur leur relation"},"content":{"rendered":"<p>Jouer la \u00ab\u00a0femme fatale\u00a0\u00bb qui s\u00e9duit <a href=\"https:\/\/www.public.fr\/tag\/jean-luc-reichmann\" target=\"_blank\" rel=\"noopener\">Jean-Luc Reichmann<\/a>, le tout sous la houlette de la compagne de l\u2019animateur. Voil\u00e0 \u00e0 quel jeu s\u2019est pr\u00eat\u00e9e <a href=\"https:\/\/www.public.fr\/tag\/natasha-st-pier\" target=\"_blank\" rel=\"noopener\">Natasha St-Pier<\/a> en prenant part au tournage de la 12e saison de <strong>\u00ab\u00a0L\u00e9o Matt\u00e9\u00ef\u00a0\u00bb<\/strong>.\u00a0<\/p>\n<p>En effet, la chanteuse qu\u00e9b\u00e9coise, et gagnante de la 13e saison de <strong>\u00ab\u00a0Danse avec les stars\u00a0\u00bb<\/strong>, a surpris tout le monde en annon\u00e7ant d\u00e9laisser un temps la musique, pour se consacrer \u00e0 la com\u00e9die. Et interpr\u00e9ter une \u00ab\u00a0femme fatale\u00a0\u00bb dans la s\u00e9rie chapeaut\u00e9 par <a href=\"https:\/\/vsd.fr\/57179-jean-luc-reichmann-une-vie-de-clown-mysterieux-et-profond\/\" target=\"_blank\" rel=\"noopener\">l\u2019animateur des <strong>\u00ab\u00a012 coups de midi\u00a0\u00bb<\/strong>.\u00a0<\/a><\/p>\n<p>Une exp\u00e9rience inoubliable pour Natasha St-Pier<\/p>\n<p>Aupr\u00e8s de TV Grandes Cha\u00eenes, Natasha St-Pier le reconna\u00eet, elle appr\u00e9hendait cette arriv\u00e9e dans ce nouveau milieu. \u00ab\u00a0J&rsquo;avais un peu peur d&rsquo;ouvrir la porte de la com\u00e9die. Et envie de faire les choses bien ! Je ne voulais pas d\u00e9cevoir Jean-Luc et Nathalie [Lecoultre, r\u00e9alisatrice de \u00ab\u00a0L\u00e9o Matt\u00e9\u00ef\u00a0\u00bb, ndlr]\u00a0\u00bb, a-t-elle reconnu, avant de poursuivre : \u00ab\u00a0Ils m&rsquo;ont fait confiance en me donnant ce premier r\u00f4le. Forc\u00e9ment, je me suis mis la pression\u00a0\u00bb.<\/p>\n<p>Depuis le 24 avril 2025, les t\u00e9l\u00e9spectateurs de TF1 peuvent donc retrouver la chanteuse qu\u00e9b\u00e9coise dans la peau d\u2019Ana\u00efs, une meneuse de revue \u00ab\u00a0instinctive, naturelle, lumineuse et dynamique\u00a0\u00bb, comme la qualifie son interpr\u00e8te. Des atouts qui la rendent \u00ab\u00a0attirante, mais aussi intrigante\u00a0\u00bb comme elle l\u2019indique \u00e0 T\u00e9l\u00e9 7 Jours.<\/p>\n<p>Visiblement, Natasha St-Pier a ador\u00e9 se pr\u00eater au jeu de la com\u00e9die. Au point de rempiler avec Jean-Luc Reichmann et Nathalie Lecoultre si l\u2019occasion se pr\u00e9sente ? \u00ab\u00a0Si cela ne tient qu&rsquo;\u00e0 moi, je rempile tout de suite\u00a0\u00bb, assure-t-elle avant de rench\u00e9rir : \u00ab\u00a0J\u2019ai aim\u00e9 cette exp\u00e9rience, et je trouve que mon personnage enrichit la sensibilit\u00e9 du h\u00e9ros\u00a0\u00bb. N\u00e9anmoins, il va falloir que le public se mobilise en sa faveur soulignent nos confr\u00e8res de Purecharts, car \u00ab\u00a0c&rsquo;est lui, le v\u00e9ritable employeur\u00a0\u00bb comme le reconna\u00eet la chanteuse qu\u00e9b\u00e9coise. <\/p>\n<p>Jean-Luc Reichmann se \u00ab\u00a0tient \u00e0 carreau\u00a0\u00bb quand Nathalie Lecoultre est dans les parages<\/p>\n<p>Et si l\u2019occasion se pr\u00e9sente, de tourner \u00e0 nouveau dans L\u00e9o Matt\u00e9\u00ef en compagnie de Jean-Luc Reichmann, elle pourra mieux appr\u00e9hender ses sc\u00e8nes d\u2019amour avec l\u2019animateur.<\/p>\n<p>En effet, tourner des sc\u00e8nes charnelles ou de rapprochements avec le pr\u00e9sentateur des <strong>\u00ab\u00a012 coups de midi\u00a0\u00bb<\/strong>, sous les yeux se sa compagne, pouvait para\u00eetre difficile. N\u00e9anmoins, Natasha St-Pier assure que Nathalie Lecoultre a su rapidement la mettre \u00e0 l\u2019aise.\u00a0<\/p>\n<p>\u00ab\u00a0On a une assez bonne complicit\u00e9 tous les trois pour qu&rsquo;il n&rsquo;y ait pas de malentendu. Pour moi, c&rsquo;est m\u00eame rassurant d&rsquo;avoir la femme du com\u00e9dien sur place.<strong> Lorsque l&rsquo;\u00e9pouse est dans les parages, l&rsquo;homme se tient \u00e0 carreau !<\/strong>, s\u2019est-elle amus\u00e9e avant de rassurer et qualifier Jean-Luc Reichmann comme \u00ab\u00a0quelqu\u2019un de tr\u00e8s respectueux\u00a0\u00bb.<\/p>\n<p>      Mentionn\u00e9s dans cet article<\/p>\n<p>\u00c0 lire aussi<\/p>\n","protected":false},"excerpt":{"rendered":"Jouer la \u00ab\u00a0femme fatale\u00a0\u00bb qui s\u00e9duit Jean-Luc Reichmann, le tout sous la houlette de la compagne de l\u2019animateur.&hellip;\n","protected":false},"author":2,"featured_media":86076,"comment_status":"","ping_status":"","sticky":false,"template":"","format":"standard","meta":{"footnotes":""},"categories":[1359],"tags":[17043,58,59,1011,27,465,17042,466,13783,973,199],"class_list":{"0":"post-86075","1":"post","2":"type-post","3":"status-publish","4":"format-standard","5":"has-post-thumbnail","7":"category-people","8":"tag-brigade-des-mineurs","9":"tag-divertissement","10":"tag-entertainment","11":"tag-fr","12":"tag-france","13":"tag-jean-luc-reichmann","14":"tag-leo-mattei","15":"tag-les-12-coups-de-midi","16":"tag-natasha-st-pier","17":"tag-people","18":"tag-tf1"},"share_on_mastodon":{"url":"https:\/\/pubeurope.com\/@fr\/114476243145602730","error":""},"_links":{"self":[{"href":"https:\/\/www.europesays.com\/fr\/wp-json\/wp\/v2\/posts\/86075","targetHints":{"allow":["GET"]}}],"collection":[{"href":"https:\/\/www.europesays.com\/fr\/wp-json\/wp\/v2\/posts"}],"about":[{"href":"https:\/\/www.europesays.com\/fr\/wp-json\/wp\/v2\/types\/post"}],"author":[{"embeddable":true,"href":"https:\/\/www.europesays.com\/fr\/wp-json\/wp\/v2\/users\/2"}],"replies":[{"embeddable":true,"href":"https:\/\/www.europesays.com\/fr\/wp-json\/wp\/v2\/comments?post=86075"}],"version-history":[{"count":0,"href":"https:\/\/www.europesays.com\/fr\/wp-json\/wp\/v2\/posts\/86075\/revisions"}],"wp:featuredmedia":[{"embeddable":true,"href":"https:\/\/www.europesays.com\/fr\/wp-json\/wp\/v2\/media\/86076"}],"wp:attachment":[{"href":"https:\/\/www.europesays.com\/fr\/wp-json\/wp\/v2\/media?parent=86075"}],"wp:term":[{"taxonomy":"category","embeddable":true,"href":"https:\/\/www.europesays.com\/fr\/wp-json\/wp\/v2\/categories?post=86075"},{"taxonomy":"post_tag","embeddable":true,"href":"https:\/\/www.europesays.com\/fr\/wp-json\/wp\/v2\/tags?post=86075"}],"curies":[{"name":"wp","href":"https:\/\/api.w.org\/{rel}","templated":true}]}}