{"id":860772,"date":"2026-04-10T21:43:17","date_gmt":"2026-04-10T21:43:17","guid":{"rendered":"https:\/\/www.europesays.com\/fr\/860772\/"},"modified":"2026-04-10T21:43:17","modified_gmt":"2026-04-10T21:43:17","slug":"paul-pogba-ovationne-lors-de-son-entree-en-jeu-apres-sa-longue-absence","status":"publish","type":"post","link":"https:\/\/www.europesays.com\/fr\/860772\/","title":{"rendered":"Paul Pogba ovationn\u00e9 lors de son entr\u00e9e en jeu apr\u00e8s sa longue absence"},"content":{"rendered":"<p>        <img decoding=\"async\" loading=\"lazy\" src=\"https:\/\/www.europesays.com\/fr\/wp-content\/uploads\/2026\/04\/680c86c_upload-1-xwaeqsxvczeq-afp-20260410-dppi-40026027-018-v1-highres-footballfrenchchampparisfcvm.jpeg\"  width=\"728\" height=\"409\" alt=\"Paul Pogba, ici entrant en jeu lors de Paris FC-Monaco en Ligue 1, le 10\u00a0avril 2026.\"\/>  <\/p>\n<p>MATTHIEU MIRVILLE \/ DPPI via AFP<\/p>\n<p>Paul Pogba, ici entrant en jeu lors de Paris FC-Monaco en Ligue 1, le 10\u00a0avril 2026.<\/p>\n<p class=\"asset asset-text\">C\u2019est l\u2019une des tr\u00e8s belles images de cette 29e journ\u00e9e de Ligue 1\u00a0d\u00e9but\u00e9e ce vendredi 10\u00a0avril. <a href=\"https:\/\/www.huffingtonpost.fr\/sport\/article\/rennes-monaco-ou-le-retour-de-paul-pogba-plus-de-deux-ans-apres-son-dernier-match-de-foot_257411.html\" rel=\"nofollow noopener\" target=\"_blank\">Paul Pogba<\/a> est entr\u00e9 en jeu sous les vivats <a href=\"https:\/\/www.huffingtonpost.fr\/sport\/article\/paul-pogba-rejoint-l-as-monaco-et-eclate-en-sanglots-au-moment-de-signer-son-contrat_251957.html\" rel=\"nofollow noopener\" target=\"_blank\">avec l\u2019AS Monaco<\/a> contre le Paris FC (1-4), alors que son club jouait pourtant \u00e0 l\u2019ext\u00e9rieur. L\u2019ancien international fran\u00e7ais retrouvait la comp\u00e9tition pour la premi\u00e8re fois depuis le 5\u00a0d\u00e9cembre.<\/p>\n<p class=\"asset asset-text\">Le champion du monde 2018 a remplac\u00e9 Thilo Kherer \u00e0 la 69e minute, alors que Monaco \u00e9tait men\u00e9 3-1\u00a0\u00e0 Jean-Bouin. L\u2019ensemble du public, y compris acquis \u00e0 la cause du PFC, a chaudement applaudi le joueur, <strong>comme on peut le voir dans la vid\u00e9o ci-dessous<\/strong>.<\/p>\n<p> La lecture de ce contenu est susceptible d\u2019entra\u00eener un d\u00e9p\u00f4t de cookies de la part de l\u2019op\u00e9rateur tiers qui l\u2019h\u00e9berge. Compte-tenu des choix que vous avez exprim\u00e9s en mati\u00e8re de d\u00e9p\u00f4t de cookies, nous avons bloqu\u00e9 l\u2019affichage de ce contenu. Si vous souhaitez y acc\u00e9der, vous devez accepter la cat\u00e9gorie de cookies \u201cContenus tiers\u201d en cliquant sur le bouton ci-dessous. <\/p>\n<p> Lire la Vid\u00e9o        <\/p>\n<p class=\"asset asset-text\">\u00ab\u00a0\u00c7a a fait chaud au c\u0153ur\u00a0\u00bb, a r\u00e9agi le milieu de terrain aupr\u00e8s des journalistes. \u00ab\u00a0J\u2019essaie de gratter des minutes et revenir en forme, \u00e7a va venir avec le temps\u00a0\u00bb. Interrog\u00e9 sur la suite apr\u00e8s la fin de saison, Paul Pogba a indiqu\u00e9\u00a0: \u00ab\u00a0ce que j\u2019ai entendu, c\u2019est qu\u2019on (avec Monaco, NDLR) est encore ensemble pour une longue dur\u00e9e\u00a0\u00bb.<\/p>\n<p class=\"asset asset-text\">Absent des terrains depuis\u00a0quatre mois, et un claquage au mollet survenu le 13\u00a0d\u00e9cembre dernier, \u00ab\u00a0la Pioche\u00a0\u00bb avait, le 26\u00a0mars dernier, rejou\u00e9 25\u00a0minutes, et marqu\u00e9, lors d\u2019un match amical perdu avec Monaco contre l\u2019\u00e9quipe U23\u00a0de Brentford (1-2).<\/p>\n<p class=\"asset asset-text\">Paul Pogba, <a href=\"https:\/\/www.huffingtonpost.fr\/sport\/article\/paul-pogba-rejoue-avec-monaco-a-rennes-plus-de-deux-ans-apres-son-dernier-match_257428.html\" rel=\"nofollow noopener\" target=\"_blank\">qui n\u2019avait avant ce match disput\u00e9 que 30\u00a0minutes en Ligue 1\u00a0cette saison<\/a>, n\u2019\u00e9tait plus apparu en comp\u00e9tition sous les couleurs de Monaco depuis le 5\u00a0d\u00e9cembre dernier et le d\u00e9placement \u00e0 Brest.<\/p>\n","protected":false},"excerpt":{"rendered":"MATTHIEU MIRVILLE \/ DPPI via AFP Paul Pogba, ici entrant en jeu lors de Paris FC-Monaco en Ligue&hellip;\n","protected":false},"author":2,"featured_media":860773,"comment_status":"","ping_status":"","sticky":false,"template":"","format":"standard","meta":{"footnotes":"","_share_on_mastodon":"0"},"categories":[1888],"tags":[11,35441,1777,674,63,1011,27,66,12,626,32134,25,517],"class_list":["post-860772","post","type-post","status-publish","format-standard","has-post-thumbnail","category-paris","tag-actualites","tag-as-monaco-fc","tag-eu","tag-europe","tag-football","tag-fr","tag-france","tag-ligue-1","tag-news","tag-paris","tag-paul-pogba","tag-republique-francaise","tag-sport"],"share_on_mastodon":{"url":"https:\/\/pubeurope.com\/@fr\/116382597800927289","error":""},"_links":{"self":[{"href":"https:\/\/www.europesays.com\/fr\/wp-json\/wp\/v2\/posts\/860772","targetHints":{"allow":["GET"]}}],"collection":[{"href":"https:\/\/www.europesays.com\/fr\/wp-json\/wp\/v2\/posts"}],"about":[{"href":"https:\/\/www.europesays.com\/fr\/wp-json\/wp\/v2\/types\/post"}],"author":[{"embeddable":true,"href":"https:\/\/www.europesays.com\/fr\/wp-json\/wp\/v2\/users\/2"}],"replies":[{"embeddable":true,"href":"https:\/\/www.europesays.com\/fr\/wp-json\/wp\/v2\/comments?post=860772"}],"version-history":[{"count":0,"href":"https:\/\/www.europesays.com\/fr\/wp-json\/wp\/v2\/posts\/860772\/revisions"}],"wp:featuredmedia":[{"embeddable":true,"href":"https:\/\/www.europesays.com\/fr\/wp-json\/wp\/v2\/media\/860773"}],"wp:attachment":[{"href":"https:\/\/www.europesays.com\/fr\/wp-json\/wp\/v2\/media?parent=860772"}],"wp:term":[{"taxonomy":"category","embeddable":true,"href":"https:\/\/www.europesays.com\/fr\/wp-json\/wp\/v2\/categories?post=860772"},{"taxonomy":"post_tag","embeddable":true,"href":"https:\/\/www.europesays.com\/fr\/wp-json\/wp\/v2\/tags?post=860772"}],"curies":[{"name":"wp","href":"https:\/\/api.w.org\/{rel}","templated":true}]}}