{"id":861116,"date":"2026-04-11T01:26:12","date_gmt":"2026-04-11T01:26:12","guid":{"rendered":"https:\/\/www.europesays.com\/fr\/861116\/"},"modified":"2026-04-11T01:26:12","modified_gmt":"2026-04-11T01:26:12","slug":"une-ong-africaine-poursuit-le-prince-harry-pour-atteinte-a-sa-reputation","status":"publish","type":"post","link":"https:\/\/www.europesays.com\/fr\/861116\/","title":{"rendered":"une ONG africaine poursuit le prince Harry pour atteinte \u00e0 sa r\u00e9putation"},"content":{"rendered":"<p>Une ONG africaine cofond\u00e9e par <a href=\"https:\/\/www.ouest-france.fr\/europe\/royaume-uni\/prince-harry\/\" target=\"_self\" rel=\"nofollow noopener\">le prince Harry<\/a> en l\u2019honneur de sa m\u00e8re la princesse Diana a annonc\u00e9 vendredi avoir entam\u00e9 \u00e0 son encontre une proc\u00e9dure judiciaire pour atteinte \u00e0 sa r\u00e9putation, <a href=\"https:\/\/www.ouest-france.fr\/europe\/royaume-uni\/prince-harry\/en-conflit-avec-un-ong-le-prince-harry-accuse-de-harcelement-et-dintimidation-ae61ab80-0d3d-11f0-96cc-1b48eea9be0a\" target=\"_self\" rel=\"nofollow noopener\">apr\u00e8s une querelle concernant sa gestion<\/a>.<\/p>\n<p>L\u2019ONG<strong> \u00ab\u00a0Sentebale a entam\u00e9 une proc\u00e9dure judiciaire \u00e0 la Haute cour d\u2019Angleterre et du Pays de Galles\u00a0\u00bb,<\/strong> a indiqu\u00e9 l\u2019association dans un communiqu\u00e9 transmis \u00e0 l\u2019Agence France-Presse\u00a0(AFP).<\/p>\n<p><strong>\u00ab\u00a0L\u2019association sollicite l\u2019intervention et la protection de la cour, et la r\u00e9paration du pr\u00e9judice subi apr\u00e8s une campagne m\u00e9diatique coordonn\u00e9e men\u00e9e depuis le 25\u00a0mars 2025 qui a perturb\u00e9 son fonctionnement et port\u00e9 atteinte \u00e0 sa r\u00e9putation, \u00e0 celle de sa direction et de ses partenaires strat\u00e9giques\u00a0\u00bb,<\/strong> a indiqu\u00e9 l\u2019ONG.<\/p>\n<p>Des documents judiciaires en ligne montrent que le prince Harry est mis en cause aux c\u00f4t\u00e9s de Mark Dyer, ancien administrateur de Sentebale, selon des m\u00e9dias britanniques.<\/p>\n<p><strong>\u00ab\u00a0La proc\u00e9dure a \u00e9t\u00e9 engag\u00e9e contre le prince Harry et Mark Dyer, identifi\u00e9s formellement comme \u00e9tant les architectes de cette campagne m\u00e9diatique diffamatoire qui a eu un impact consid\u00e9rable et a d\u00e9clench\u00e9 une vague de cyberharc\u00e8lement \u00e0 l\u2019encontre de l\u2019association et de sa direction\u00a0\u00bb,<\/strong> selon le communiqu\u00e9.<\/p>\n<p>        Rejet cat\u00e9gorique du prince Harry<\/p>\n<p>Le prince Harry et Mark Dyer ont r\u00e9agi vendredi en faisant savoir qu\u2019ils rejetaient <strong>\u00ab\u00a0cat\u00e9goriquement\u00a0\u00bb<\/strong> la plainte en diffamation d\u00e9pos\u00e9e contre eux.<\/p>\n<p><strong>\u00ab\u00a0En tant que cofondateur et membre fondateur de Sentebale, ils rejettent cat\u00e9goriquement ces all\u00e9gations offensantes et diffamatoires. Il est aberrant que des fonds caritatifs soient utilis\u00e9s pour engager des poursuites judiciaires contre ceux-l\u00e0 m\u00eames qui ont b\u00e2ti et soutenu l\u2019organisation pendant pr\u00e8s de vingt ans\u00a0\u00bb,<\/strong> a soulign\u00e9 un porte-parole dans un communiqu\u00e9.<\/p>\n<p>En ao\u00fbt dernier, le r\u00e9gulateur britannique des associations avait relev\u00e9<strong> \u00ab\u00a0les faiblesses de gouvernance\u00a0\u00bb<\/strong> au sein de Sentebale mais avait affirm\u00e9 n\u2019avoir pas trouv\u00e9 de preuves de harc\u00e8lement, une accusation port\u00e9e contre Harry par la pr\u00e9sidente de l\u2019ONG Sophie Chandauka en mars\u00a02025.<\/p>\n<p><strong>Lire aussi\u00a0: <\/strong> <a href=\"https:\/\/www.ouest-france.fr\/europe\/royaume-uni\/prince-harry\/le-prince-harry-de-retour-au-royaume-uni-pour-un-proces-contre-les-tabloids-b027858e-f4fa-11f0-bfca-235f15251990\" target=\"_self\" rel=\"nofollow noopener\">Le prince Harry de retour au Royaume-Uni pour un nouveau proc\u00e8s contre les tablo\u00efds<\/a><\/p>\n<p>        D\u00e9mission l\u2019an pass\u00e9<\/p>\n<p>L\u2019ONG Sentebale a \u00e9t\u00e9 fond\u00e9e en 2006 pour apporter une aide aux jeunes atteints par le virus du sida au Lesotho puis au Botswana.<\/p>\n<p>Harry, le fils cadet du roi Charles III, et le cofondateur de l\u2019association, le prince Seeiso du Lesotho, ont annonc\u00e9 en 2025 d\u00e9missionner de cette association.<\/p>\n<p>Apr\u00e8s une enqu\u00eate de plusieurs mois, la Charity Commission avait annonc\u00e9 n\u2019avoir d\u00e9couvert aucune preuve de harc\u00e8lement g\u00e9n\u00e9ralis\u00e9 ou syst\u00e9mique, y compris de misogynie ou de racisme \u00e0 l\u2019encontre d\u2019une femme noire au sein de l\u2019association.<\/p>\n<p>Mais elle avait renvoy\u00e9 dos \u00e0 dos <strong>\u00ab\u00a0toutes les parties pour avoir laiss\u00e9\u00a0(le conflit) se d\u00e9rouler publiquement\u00a0\u00bb,<\/strong> estimant que<strong> \u00ab\u00a0l\u2019incapacit\u00e9 des administrateurs \u00e0 r\u00e9soudre les litiges en interne avait eu de graves r\u00e9percussions sur la r\u00e9putation\u00a0\u00bb<\/strong> de l\u2019association.<\/p>\n<p>Harry avait choisi le nom de Sentebale en hommage \u00e0 sa m\u00e8re Diana, morte dans un accident de voiture \u00e0 Paris en 1997 quand il avait 12\u00a0ans. Ce terme signifie<strong> \u00ab\u00a0ne m\u2019oublie pas\u00a0\u00bb<\/strong> en sesotho. Il est \u00e9galement utilis\u00e9 pour dire au revoir.<\/p>\n","protected":false},"excerpt":{"rendered":"Une ONG africaine cofond\u00e9e par le prince Harry en l\u2019honneur de sa m\u00e8re la princesse Diana a annonc\u00e9&hellip;\n","protected":false},"author":2,"featured_media":861117,"comment_status":"","ping_status":"","sticky":false,"template":"","format":"standard","meta":{"footnotes":"","_share_on_mastodon":"0"},"categories":[1588],"tags":[74853,11,879,60092,1777,674,93128,12,267,473,1853,1851,96,1850,1852],"class_list":["post-861116","post","type-post","status-publish","format-standard","has-post-thumbnail","category-royaume-uni","tag-actualite-en-continu","tag-actualites","tag-afrique","tag-botswana","tag-eu","tag-europe","tag-lesotho","tag-news","tag-prince-harry","tag-royaume-uni","tag-royaume-uni-de-grande-bretagne-et-dirlande-du-nord","tag-uk","tag-une","tag-united-kingdom","tag-united-kingdom-of-great-britain-and-northern-ireland"],"share_on_mastodon":{"url":"https:\/\/pubeurope.com\/@fr\/116383474379814757","error":""},"_links":{"self":[{"href":"https:\/\/www.europesays.com\/fr\/wp-json\/wp\/v2\/posts\/861116","targetHints":{"allow":["GET"]}}],"collection":[{"href":"https:\/\/www.europesays.com\/fr\/wp-json\/wp\/v2\/posts"}],"about":[{"href":"https:\/\/www.europesays.com\/fr\/wp-json\/wp\/v2\/types\/post"}],"author":[{"embeddable":true,"href":"https:\/\/www.europesays.com\/fr\/wp-json\/wp\/v2\/users\/2"}],"replies":[{"embeddable":true,"href":"https:\/\/www.europesays.com\/fr\/wp-json\/wp\/v2\/comments?post=861116"}],"version-history":[{"count":0,"href":"https:\/\/www.europesays.com\/fr\/wp-json\/wp\/v2\/posts\/861116\/revisions"}],"wp:featuredmedia":[{"embeddable":true,"href":"https:\/\/www.europesays.com\/fr\/wp-json\/wp\/v2\/media\/861117"}],"wp:attachment":[{"href":"https:\/\/www.europesays.com\/fr\/wp-json\/wp\/v2\/media?parent=861116"}],"wp:term":[{"taxonomy":"category","embeddable":true,"href":"https:\/\/www.europesays.com\/fr\/wp-json\/wp\/v2\/categories?post=861116"},{"taxonomy":"post_tag","embeddable":true,"href":"https:\/\/www.europesays.com\/fr\/wp-json\/wp\/v2\/tags?post=861116"}],"curies":[{"name":"wp","href":"https:\/\/api.w.org\/{rel}","templated":true}]}}