{"id":86123,"date":"2025-05-09T05:58:08","date_gmt":"2025-05-09T05:58:08","guid":{"rendered":"https:\/\/www.europesays.com\/fr\/86123\/"},"modified":"2025-05-09T05:58:08","modified_gmt":"2025-05-09T05:58:08","slug":"a-rennes-ce-collectif-annonce-une-manifestation-dun-genre-inedit-pour-alerter-sur-sa-situation","status":"publish","type":"post","link":"https:\/\/www.europesays.com\/fr\/86123\/","title":{"rendered":"\u00c0 Rennes, ce collectif annonce une manifestation d&rsquo;un genre in\u00e9dit pour alerter sur sa situation"},"content":{"rendered":"<p>            Par<br \/>\n        <strong><br \/>\n            <a href=\"https:\/\/actu.fr\/auteur\/brian-legoff\" title=\"Consulter tous les articles de Brian Le Goff\" target=\"_blank\" rel=\"noopener\">Brian Le Goff<\/a><br \/>\n        <\/strong><\/p>\n<p>        Publi\u00e9 le<\/p>\n<p>            9 mai 2025 \u00e0 7h02        <\/p>\n<p>\u00ab\u00a0Face au manque criant d\u2019\u00e9quipements d\u00e9di\u00e9s \u00e0 la pratique de la danse amateure\u00a0\u00bb, le collectif SOS pour Sauvons nOs Studios appelle les Rennais \u00e0 se mobiliser le <strong>samedi 17 mai, \u00e0 16 h, place de l\u2019H\u00f4tel de la Mairie,<\/strong> \u00e0 Rennes, pour une manifestation d\u2019un genre in\u00e9dit.<\/p>\n<p>    <a href=\"https:\/\/www.facebook.com\/plugins\/post.php?href=https%3A%2F%2Fwww.facebook.com%2Fpermalink.php%3Fstory_fbid%3Dpfbid02Na1kKjoZa565Ku2H3j8X2KCLFUyZhcxthFN8b5UAXcSyqf8ziZzDUYJ9QM8R181Fl%26id%3D61560239469020&amp;show_text=true&amp;width=350\" title=\"Ouvrie le lien\" target=\"_blank\" rel=\"noopener\">Cliquez ici pour visualiser le contenu<\/a><\/p>\n<p class=\" wall-content\">SOS, qui <strong>regroupe enseignants, danseurs, \u00e9coles et associations,<\/strong> entend alerter sur la \u00ab\u00a0situation critique\u00a0\u00bb des studios de danse de la ville.<\/p>\n<blockquote class=\"ac-article-quote wall-content\">\n<p>Manque de salles, disparition progressive des studios existants, espaces inadapt\u00e9s<br \/>\nd\u2019un c\u00f4t\u00e9 et de l\u2019autre une population rennaise en forte augmentation avec un engouement bien pr\u00e9sent pour la danse&#8230; Ce constat met en p\u00e9ril non seulement la pratique de la danse amateures, mais aussi une profession.<\/p>\n<p>    <strong>Collectif SOS<\/strong>\n            <\/p><\/blockquote>\n<p class=\" wall-content\">Selon le collectif, la rentr\u00e9e de septembre est toujours baign\u00e9e d\u2019incertitudes dans ce contexte pour les amateurs. \u00ab\u00a0Les<strong> gens se demandent s\u2019ils auront une place<\/strong> dans un cours. Dans la plupart des structures, les listes d\u2019attente s\u2019allongent.\u00a0\u00bb<\/p>\n<p>Vid\u00e9os : en ce moment sur Actu\u00ab\u00a0Une profession fragilis\u00e9e\u00a0\u00bb<\/p>\n<p class=\" wall-content\">C\u00f4t\u00e9 professeurs, c\u2019est le stress de ne pas trouver d\u2019endroit o\u00f9 donner des cours. \u00ab\u00a0Les <strong>rares studios sont sursollicit\u00e9s<\/strong> et ne peuvent r\u00e9pondre \u00e0 toutes les demandes.\u00a0\u00bb<\/p>\n<blockquote class=\"ac-article-quote wall-content\">\n<p>C\u2019est toute une profession, fragilis\u00e9e, qui peine \u00e0 maintenir son activit\u00e9 et voit ses conditions de travail d\u00e9grad\u00e9es.\n<\/p>\n<p>    <strong>Collectif SOS<\/strong>\n            <\/p><\/blockquote>\n<p class=\" wall-content\">Ainsi, <strong>SOS demande la cr\u00e9ation d\u2019un espace d\u00e9di\u00e9 \u00e0 la pratique amateure avec<\/strong> plusieurs studios adapt\u00e9s aux besoins des \u00e9coles de danse et associations. \u00a0\u00bb Ce lieu essentiel <strong>permettrait de garantir l\u2019accessibilit\u00e9<\/strong> \u00e0 la danse pour tous et de pr\u00e9server le dynamisme artistique et culturel de la ville.\u00a0\u00bb<\/p>\n<p>Une disparition prochaine<\/p>\n<p>Le collectif Sauvons nOs Studios a \u00e9t\u00e9 cr\u00e9\u00e9 en 2024, en r\u00e9action \u00e0 la disparition prochaine de Mouvances, lieu historique de la danse contemporaine \u00e0 Rennes, et de ses deux studios. Il est constitu\u00e9 de 15 structures dispensant des ateliers et cours de danses toutes disciplines confondues et repr\u00e9sente entre 1300 et 1500 danseurs.se.s amateur .e.s.<\/p>\n<p class=\" wall-content\">Le collectif appelle donc les habitants \u00e0 le soutenir ne participant \u00e0 un <strong>moment de danse convivial, avec des pr\u00e9sentations de groupes et un flashmob<\/strong> le jour de la manifestation.<\/p>\n<p class=\" wall-content\">Suivez toute l\u2019actualit\u00e9 de vos villes et m\u00e9dias favoris en vous inscrivant \u00e0 <a href=\"https:\/\/moncompte.actu.fr\" title=\"D\u00e9couvez Mon Actu\" rel=\"nofollow noopener\" data-trk=\"{&quot;cta&quot;:{&quot;action&quot;:&quot;https:\\\/\\\/moncompte.actu.fr&quot;,&quot;category&quot;:&quot;mon compte&quot;,&quot;from&quot;:&quot;article footer&quot;,&quot;name&quot;:&quot;Mon actu&quot;,&quot;type&quot;:&quot;cta&quot;}}\" target=\"_blank\">Mon Actu<\/a>.<\/p>\n","protected":false},"excerpt":{"rendered":"Par Brian Le Goff Publi\u00e9 le 9 mai 2025 \u00e0 7h02 \u00ab\u00a0Face au manque criant d\u2019\u00e9quipements d\u00e9di\u00e9s \u00e0&hellip;\n","protected":false},"author":2,"featured_media":86124,"comment_status":"","ping_status":"","sticky":false,"template":"","format":"standard","meta":{"footnotes":""},"categories":[2821],"tags":[1111,11,829,5972,1777,674,1011,27,1272,12,584,25,104],"class_list":{"0":"post-86123","1":"post","2":"type-post","3":"status-publish","4":"format-standard","5":"has-post-thumbnail","7":"category-rennes","8":"tag-actu","9":"tag-actualites","10":"tag-bretagne","11":"tag-danse","12":"tag-eu","13":"tag-europe","14":"tag-fr","15":"tag-france","16":"tag-manifestations","17":"tag-news","18":"tag-rennes","19":"tag-republique-francaise","20":"tag-societe"},"share_on_mastodon":{"url":"https:\/\/pubeurope.com\/@fr\/114476345139526783","error":""},"_links":{"self":[{"href":"https:\/\/www.europesays.com\/fr\/wp-json\/wp\/v2\/posts\/86123","targetHints":{"allow":["GET"]}}],"collection":[{"href":"https:\/\/www.europesays.com\/fr\/wp-json\/wp\/v2\/posts"}],"about":[{"href":"https:\/\/www.europesays.com\/fr\/wp-json\/wp\/v2\/types\/post"}],"author":[{"embeddable":true,"href":"https:\/\/www.europesays.com\/fr\/wp-json\/wp\/v2\/users\/2"}],"replies":[{"embeddable":true,"href":"https:\/\/www.europesays.com\/fr\/wp-json\/wp\/v2\/comments?post=86123"}],"version-history":[{"count":0,"href":"https:\/\/www.europesays.com\/fr\/wp-json\/wp\/v2\/posts\/86123\/revisions"}],"wp:featuredmedia":[{"embeddable":true,"href":"https:\/\/www.europesays.com\/fr\/wp-json\/wp\/v2\/media\/86124"}],"wp:attachment":[{"href":"https:\/\/www.europesays.com\/fr\/wp-json\/wp\/v2\/media?parent=86123"}],"wp:term":[{"taxonomy":"category","embeddable":true,"href":"https:\/\/www.europesays.com\/fr\/wp-json\/wp\/v2\/categories?post=86123"},{"taxonomy":"post_tag","embeddable":true,"href":"https:\/\/www.europesays.com\/fr\/wp-json\/wp\/v2\/tags?post=86123"}],"curies":[{"name":"wp","href":"https:\/\/api.w.org\/{rel}","templated":true}]}}