{"id":86171,"date":"2025-05-09T06:24:11","date_gmt":"2025-05-09T06:24:11","guid":{"rendered":"https:\/\/www.europesays.com\/fr\/86171\/"},"modified":"2025-05-09T06:24:11","modified_gmt":"2025-05-09T06:24:11","slug":"lambassadeur-des-etats-unis-rejette-linstallation-de-bases-militaires-americaines","status":"publish","type":"post","link":"https:\/\/www.europesays.com\/fr\/86171\/","title":{"rendered":"l&rsquo;ambassadeur des \u00c9tats-Unis rejette l&rsquo;installation de bases militaires am\u00e9ricaines"},"content":{"rendered":"<p>Le ministre am\u00e9ricain de la D\u00e9fense avait sign\u00e9 en avril un accord autorisant les \u00c9tats-Unis \u00e0 utiliser trois bases panam\u00e9ennes pour des \u00abentra\u00eenements\u00bb.<\/p>\n<p class=\"fig-paragraph\">Le mois dernier, le ministre am\u00e9ricain de la D\u00e9fense\u00a0<a href=\"http:\/\/www.lefigaro.fr\/international\/pete-hegseth-le-secretaire-a-la-defense-de-trump-fragilise-par-un-deuxieme-signalgate-20250421\" data-fig-type=\"Article\" data-gtm-custom-categorie=\"navigation\" data-gtm-custom-action=\"crossclick\" data-gtm-custom-label=\"Contextuel\" data-gtm-event=\"customEventSPE\" data-fig-domain=\"LEFIGARO\" target=\"_blank\" rel=\"noopener\">Pete Hegseth<\/a>\u00a0a sign\u00e9 au Panama un accord autorisant les \u00c9tats-Unis \u00e0 utiliser trois bases a\u00e9riennes et navales\u00a0<a href=\"http:\/\/www.lefigaro.fr\/conjoncture\/jean-pierre-robin-ukraine-panama-groenland-ces-territoires-qui-sont-a-vendre-a-en-croire-donald-trump-20250303\" data-fig-type=\"Article\" data-gtm-custom-categorie=\"navigation\" data-gtm-custom-action=\"crossclick\" data-gtm-custom-label=\"Contextuel\" data-gtm-event=\"customEventSPE\" data-fig-domain=\"LEFIGARO\" target=\"_blank\" rel=\"noopener\">panam\u00e9ennes<\/a>\u00a0pour des \u00abentra\u00eenements\u00bb, des \u00abexercices\u00bb et d\u2019autres activit\u00e9s pendant une p\u00e9riode de trois ans renouvelables.<\/p>\n<p class=\"fig-paragraph\">L&rsquo;accord sign\u00e9 par les \u00c9tats-Unis et le Panama en avril dernier ne permet pas l&rsquo;installation de bases militaires am\u00e9ricaines dans ce pays d&rsquo;Am\u00e9rique centrale, comme l&rsquo;ont d\u00e9nonc\u00e9 des organisations panam\u00e9ennes, a d\u00e9clar\u00e9 ce jeudi le nouvel ambassadeur des \u00c9tats-Unis, Kevin Cabrera.<\/p>\n<p class=\"fig-paragraph\">\u00abNulle part dans l&rsquo;accord il n&rsquo;est question d&rsquo;ouvrir des bases militaires\u00bb, a affirm\u00e9 M. Cabrera lors d&rsquo;une conf\u00e9rence de presse tenue dans sa r\u00e9sidence. Cet accord \u00abrenforcera notre coop\u00e9ration contre le\u00a0<a href=\"http:\/\/www.lefigaro.fr\/actualite-france\/c-est-quoi-cette-republique-qui-laisse-les-enfants-face-aux-dealers-a-saint-ouen-une-ecole-maternelle-contrainte-de-demenager-a-cause-du-trafic-de-drogue-20250401\" data-fig-type=\"Article\" data-gtm-custom-categorie=\"navigation\" data-gtm-custom-action=\"crossclick\" data-gtm-custom-label=\"Contextuel\" data-gtm-event=\"customEventSPE\" data-fig-domain=\"LEFIGARO\" target=\"_blank\" rel=\"noopener\">trafic de drogue<\/a> \u00a0et prot\u00e9gera le canal\u00bb, a-t-il ajout\u00e9. Certaines organisations panam\u00e9ennes ont appel\u00e9 \u00e0 manifester contre le pacte, affirmant qu&rsquo;il viole la souverainet\u00e9 nationale et autorise le retour des bases militaires am\u00e9ricaines au Panama.<\/p>\n<p class=\"fig-body-link\">\n            \u00c0 lire aussi<br \/>\n        <a class=\"fig-body-link__link fig-premium-mark\" href=\"http:\/\/www.lefigaro.fr\/international\/les-etats-unis-renforcent-leur-emprise-sur-le-canal-de-panama-pour-evincer-les-chinois-20250409\" data-fig-type=\"Article\" data-gtm-custom-categorie=\"navigation\" data-gtm-custom-action=\"crossclick\" data-gtm-custom-label=\"Contextuel\" data-gtm-event=\"customEventSPE\" data-fig-domain=\"LEFIGARO\" target=\"_blank\" rel=\"noopener\">Les \u00c9tats-Unis renforcent leur emprise sur le canal de Panama pour \u00e9vincer les Chinois<br \/>\n    <\/a>\n<\/p>\n<p>\u00abIl n\u2019y a pas de cession de territoire\u00bb<\/p>\n<p class=\"fig-paragraph\">La pr\u00e9sence de troupes am\u00e9ricaines est une question sensible dans le pays, car elle rappelle l&rsquo;\u00e9poque o\u00f9 les \u00c9tats-Unis y disposaient d&rsquo;une enclave avec des bases militaires avant de c\u00e9der le canal aux Panam\u00e9ens en 1999. L&rsquo;ambassadeur nomm\u00e9 par le pr\u00e9sident r\u00e9publicain Donald Trump a d\u00e9clar\u00e9 que l&rsquo;accord \u00e9tait conforme \u00e0 la loi et qu&rsquo;une grande partie de ce qui est dit \u00e0 ce sujet \u00abest faux\u00bb. \u00abIl est tr\u00e8s triste que les gens utilisent cela pour des raisons politiques\u00bb, a-t-il r\u00e9agi.<\/p>\n<p class=\"fig-paragraph\">Le pr\u00e9sident du Panama,\u00a0<a href=\"http:\/\/www.lefigaro.fr\/flash-actu\/panama-jose-raul-mulino-de-fermier-a-president-20240506\" data-fig-type=\"NewsFlash\" data-gtm-custom-categorie=\"navigation\" data-gtm-custom-action=\"crossclick\" data-gtm-custom-label=\"Contextuel\" data-gtm-event=\"customEventSPE\" data-fig-domain=\"LEFIGARO\" target=\"_blank\" rel=\"noopener\">Jose Raul Mulino<\/a>, a \u00e9galement r\u00e9pondu jeudi aux critiques concernant le pacte avec Washington et a exclu de l&rsquo;annuler. \u00abCet accord n&rsquo;implique, comme on l&rsquo;a r\u00e9p\u00e9t\u00e9 ad nauseam, aucune forme de base militaire expresse ou non expresse\u00bb, a insist\u00e9 M. Mulino lors de sa conf\u00e9rence de presse hebdomadaire. \u00abIl n&rsquo;y a pas de cession de territoire (&#8230;), ils mentent\u00bb, a-t-il ajout\u00e9.<\/p>\n<p class=\"fig-paragraph\">Depuis son retour au pouvoir en janvier dernier, Donald Trump avait annonc\u00e9 sa volont\u00e9 de \u00abreprendre\u00bb le canal de Panama, construit par les \u00c9tats-Unis, arguant qu&rsquo;il est \u00e0 pr\u00e9sent sous \u00abl&rsquo;influence\u00bb de\u00a0<a href=\"http:\/\/www.lefigaro.fr\/international\/a-moscou-xi-jinping-et-vladimir-poutine-celebrent-le-lien-indefectible-entre-la-chine-et-la-russie-20250509\" data-fig-type=\"Article\" data-gtm-custom-categorie=\"navigation\" data-gtm-custom-action=\"crossclick\" data-gtm-custom-label=\"Contextuel\" data-gtm-event=\"customEventSPE\" data-fig-domain=\"LEFIGARO\" target=\"_blank\" rel=\"noopener\">la Chine<\/a>.<\/p>\n","protected":false},"excerpt":{"rendered":"Le ministre am\u00e9ricain de la D\u00e9fense avait sign\u00e9 en avril un accord autorisant les \u00c9tats-Unis \u00e0 utiliser trois&hellip;\n","protected":false},"author":2,"featured_media":86172,"comment_status":"","ping_status":"","sticky":false,"template":"","format":"standard","meta":{"footnotes":""},"categories":[1589],"tags":[259,11,260,17274,75,73,1866,14,261,12,6471,262,1864,1865,1863,308],"class_list":{"0":"post-86171","1":"post","2":"type-post","3":"status-publish","4":"format-standard","5":"has-post-thumbnail","7":"category-etats-unis","8":"tag-actualite-internationale","9":"tag-actualites","10":"tag-affaires-etrangeres","11":"tag-armee-americaine","12":"tag-donald-trump","13":"tag-etats-unis","14":"tag-etats-unis-damerique","15":"tag-international","16":"tag-ministere-des-affaires-etrangeres","17":"tag-news","18":"tag-panama","19":"tag-politique-etrangere","20":"tag-united-states","21":"tag-united-states-of-america","22":"tag-us","23":"tag-usa"},"share_on_mastodon":{"url":"https:\/\/pubeurope.com\/@fr\/114476447390496865","error":""},"_links":{"self":[{"href":"https:\/\/www.europesays.com\/fr\/wp-json\/wp\/v2\/posts\/86171","targetHints":{"allow":["GET"]}}],"collection":[{"href":"https:\/\/www.europesays.com\/fr\/wp-json\/wp\/v2\/posts"}],"about":[{"href":"https:\/\/www.europesays.com\/fr\/wp-json\/wp\/v2\/types\/post"}],"author":[{"embeddable":true,"href":"https:\/\/www.europesays.com\/fr\/wp-json\/wp\/v2\/users\/2"}],"replies":[{"embeddable":true,"href":"https:\/\/www.europesays.com\/fr\/wp-json\/wp\/v2\/comments?post=86171"}],"version-history":[{"count":0,"href":"https:\/\/www.europesays.com\/fr\/wp-json\/wp\/v2\/posts\/86171\/revisions"}],"wp:featuredmedia":[{"embeddable":true,"href":"https:\/\/www.europesays.com\/fr\/wp-json\/wp\/v2\/media\/86172"}],"wp:attachment":[{"href":"https:\/\/www.europesays.com\/fr\/wp-json\/wp\/v2\/media?parent=86171"}],"wp:term":[{"taxonomy":"category","embeddable":true,"href":"https:\/\/www.europesays.com\/fr\/wp-json\/wp\/v2\/categories?post=86171"},{"taxonomy":"post_tag","embeddable":true,"href":"https:\/\/www.europesays.com\/fr\/wp-json\/wp\/v2\/tags?post=86171"}],"curies":[{"name":"wp","href":"https:\/\/api.w.org\/{rel}","templated":true}]}}