{"id":86173,"date":"2025-05-09T06:25:11","date_gmt":"2025-05-09T06:25:11","guid":{"rendered":"https:\/\/www.europesays.com\/fr\/86173\/"},"modified":"2025-05-09T06:25:11","modified_gmt":"2025-05-09T06:25:11","slug":"le-royaume-uni-et-les-etats-unis-ont-un-travail-plus-serieux-a-faire-en-matiere-de-commerce-selon-un-fonctionnaire-britannique-08-05-2025-a-2244","status":"publish","type":"post","link":"https:\/\/www.europesays.com\/fr\/86173\/","title":{"rendered":"Le Royaume-Uni et les \u00c9tats-Unis ont \u00ab\u00a0un travail plus s\u00e9rieux \u00e0 faire\u00a0\u00bb en mati\u00e8re de commerce, selon un fonctionnaire britannique &#8211; 08\/05\/2025 \u00e0 22:44"},"content":{"rendered":"<p>\n ((Traduction automatis\u00e9e par Reuters, veuillez consulter la clause<br \/>\nde non-responsabilit\u00e9 https:\/\/bit.ly\/rtrsauto))\n<\/p>\n<p>\n Les \u00c9tats-Unis  et le<br \/>\nRoyaume-Uni  ont encore du pain sur la planche en mati\u00e8re<br \/>\nde lib\u00e9ralisation du commerce, a d\u00e9clar\u00e9 jeudi un responsable<br \/>\nbritannique, apr\u00e8s que les deux alli\u00e9s ont annonc\u00e9 un accord<br \/>\ncommercial bilat\u00e9ral limit\u00e9  qui laisse en place les<br \/>\ndroits de douane de 10 % sur les exportations britanniques<br \/>\nd\u00e9cr\u00e9t\u00e9s par le pr\u00e9sident am\u00e9ricain Donald Trump .\n<\/p>\n<p>\n Le fonctionnaire a d\u00e9clar\u00e9 aux journalistes que les \u00c9tats-Unis<br \/>\navaient \u00e9galement fait pression pour une restructuration de la<br \/>\ntaxe britannique sur les services num\u00e9riques, mais cela n&rsquo;a pas<br \/>\n\u00e9t\u00e9 accept\u00e9 dans l&rsquo;accord commercial. Il a ajout\u00e9 que Washington<br \/>\npourrait r\u00e9examiner la question, mais qu&rsquo;il n&rsquo;existait pas de<br \/>\nproc\u00e9dure convenue pour ce faire.\n<\/p>\n<p>\n \u00ab\u00a0Il ne s&rsquo;agit pas d&rsquo;un accord de libre-\u00e9change achev\u00e9 et<br \/>\nclassique. Au d\u00e9part, il s&rsquo;agissait d&rsquo;une r\u00e9ponse tactique aux<br \/>\ntarifs douaniers du pr\u00e9sident Trump, mais il s&rsquo;est transform\u00e9 en<br \/>\nun accord commercial plus substantiel\u00a0\u00bb, a d\u00e9clar\u00e9 le<br \/>\nfonctionnaire. \u00ab\u00a0Et il sera d\u00e9velopp\u00e9. (&#8230;) Nous avons fait le<br \/>\nbureau ovale, maintenant nous avons un travail plus s\u00e9rieux \u00e0<br \/>\nfaire.\u00a0\u00bb<\/p>\n","protected":false},"excerpt":{"rendered":"((Traduction automatis\u00e9e par Reuters, veuillez consulter la clause de non-responsabilit\u00e9 https:\/\/bit.ly\/rtrsauto)) Les \u00c9tats-Unis et le Royaume-Uni ont encore&hellip;\n","protected":false},"author":2,"featured_media":2956,"comment_status":"","ping_status":"","sticky":false,"template":"","format":"standard","meta":{"footnotes":""},"categories":[1588],"tags":[400,11,398,408,405,1777,674,403,402,399,404,12,473,1853,401,406,1851,1850,1852,407],"class_list":{"0":"post-86173","1":"post","2":"type-post","3":"status-publish","4":"format-standard","5":"has-post-thumbnail","7":"category-royaume-uni","8":"tag-action-cac-40","9":"tag-actualites","10":"tag-bourse-de-paris","11":"tag-boursorama","12":"tag-cotations","13":"tag-eu","14":"tag-europe","15":"tag-indices-devises","16":"tag-investir","17":"tag-investissement","18":"tag-marche-boursier","19":"tag-news","20":"tag-royaume-uni","21":"tag-royaume-uni-de-grande-bretagne-et-dirlande-du-nord","22":"tag-sicav","23":"tag-trackers","24":"tag-uk","25":"tag-united-kingdom","26":"tag-united-kingdom-of-great-britain-and-northern-ireland","27":"tag-warrants"},"share_on_mastodon":{"url":"https:\/\/pubeurope.com\/@fr\/114476451306390651","error":""},"_links":{"self":[{"href":"https:\/\/www.europesays.com\/fr\/wp-json\/wp\/v2\/posts\/86173","targetHints":{"allow":["GET"]}}],"collection":[{"href":"https:\/\/www.europesays.com\/fr\/wp-json\/wp\/v2\/posts"}],"about":[{"href":"https:\/\/www.europesays.com\/fr\/wp-json\/wp\/v2\/types\/post"}],"author":[{"embeddable":true,"href":"https:\/\/www.europesays.com\/fr\/wp-json\/wp\/v2\/users\/2"}],"replies":[{"embeddable":true,"href":"https:\/\/www.europesays.com\/fr\/wp-json\/wp\/v2\/comments?post=86173"}],"version-history":[{"count":0,"href":"https:\/\/www.europesays.com\/fr\/wp-json\/wp\/v2\/posts\/86173\/revisions"}],"wp:featuredmedia":[{"embeddable":true,"href":"https:\/\/www.europesays.com\/fr\/wp-json\/wp\/v2\/media\/2956"}],"wp:attachment":[{"href":"https:\/\/www.europesays.com\/fr\/wp-json\/wp\/v2\/media?parent=86173"}],"wp:term":[{"taxonomy":"category","embeddable":true,"href":"https:\/\/www.europesays.com\/fr\/wp-json\/wp\/v2\/categories?post=86173"},{"taxonomy":"post_tag","embeddable":true,"href":"https:\/\/www.europesays.com\/fr\/wp-json\/wp\/v2\/tags?post=86173"}],"curies":[{"name":"wp","href":"https:\/\/api.w.org\/{rel}","templated":true}]}}