{"id":86200,"date":"2025-05-09T06:41:12","date_gmt":"2025-05-09T06:41:12","guid":{"rendered":"https:\/\/www.europesays.com\/fr\/86200\/"},"modified":"2025-05-09T06:41:12","modified_gmt":"2025-05-09T06:41:12","slug":"le-prince-william-et-kate-middleton-rejoignent-le-roi-charles-iii-a-labbaye-de-westminster","status":"publish","type":"post","link":"https:\/\/www.europesays.com\/fr\/86200\/","title":{"rendered":"Le prince William et Kate Middleton rejoignent le roi Charles III \u00e0 l&rsquo;abbaye de Westminster"},"content":{"rendered":"<p>Trois jours apr\u00e8s avoir <a href=\"https:\/\/www.vanityfair.fr\/article\/quand-le-prince-louis-imite-son-frere-le-prince-george-en-direct-a-la-television\" target=\"_blank\" rel=\"noopener\">assist\u00e9 \u00e0 une parade militaire<\/a>, la famille royale s&rsquo;est retrouv\u00e9e dans le c\u0153ur de <a href=\"https:\/\/www.vanityfair.fr\/dossier\/londres\" isautogenerated=\"true\" target=\"_blank\" rel=\"noopener\">Londres<\/a>, ce jeudi 8 mai. Le roi <a href=\"https:\/\/www.vanityfair.fr\/dossier\/charles-iii\" isautogenerated=\"true\" target=\"_blank\" rel=\"noopener\">Charles III<\/a> et la reine <strong>Camilla<\/strong> ont men\u00e9 le cort\u00e8ge de t\u00eates couronn\u00e9es qui rejoignait les bancs de l&rsquo;abbaye de Westminster o\u00f9 une messe \u00e9tait donn\u00e9e \u00e0 l&rsquo;occasion du 80e anniversaire de la fin de la Seconde Guerre mondiale.<\/p>\n<p>La famille royale s&rsquo;est recueillie devant la tombe du Soldat inconnu en observant une minute de silence. Le roi et son fils a\u00een\u00e9 se sont ensuite avanc\u00e9s vers la st\u00e8le pour y d\u00e9poser des gerbes. \u00c0 l&rsquo;issue du service d&rsquo;action de gr\u00e2ce, les couples royaux ont tour \u00e0 tour laiss\u00e9 des fleurs devant le m\u00e9morial des victimes innocentes (Innocent Victims&rsquo; Memorial) dress\u00e9 devant la porte ouest de l&rsquo;abbaye.<\/p>\n<p>En hommage \u00e0 son p\u00e8re, la reine Camilla avait \u00e9pingl\u00e9 sur le revers de sa veste sa broche du 12e Lancers, le r\u00e9giment dans lequel avait servi <strong>Bruce<\/strong> <strong>Shand<\/strong> pendant la guerre. Le couple royal \u00e9tait entour\u00e9 du <a href=\"https:\/\/www.vanityfair.fr\/dossier\/prince-william\" isautogenerated=\"true\" target=\"_blank\" rel=\"noopener\">prince William<\/a> et de son \u00e9pouse <a href=\"https:\/\/www.vanityfair.fr\/dossier\/kate-middleton\" isautogenerated=\"true\" target=\"_blank\" rel=\"noopener\">Kate Middleton<\/a>. La princesse de Galles avait recycl\u00e9 sa robe blanche \u00e0 pois noirs Alessandra Roch, d\u00e9j\u00e0 port\u00e9e en juin 2023 \u00e0 Windsor, d\u00e9laissant le chapeau plat assorti au profit d&rsquo;un bibi noir surmont\u00e9 de fleurs. \u00c9taient \u00e9galement pr\u00e9sents la princesse <strong>Anne<\/strong> et son \u00e9poux <strong>Timothy<\/strong> <strong>Laurence<\/strong> ainsi que le <strong>duc<\/strong> et la <strong>duchesse<\/strong> <strong>d&rsquo;\u00c9dimbourg<\/strong>, tr\u00e8s \u00e9l\u00e9gante dans une robe bleu ciel Beulah London et ses escarpins <a href=\"https:\/\/www.vanityfair.fr\/dossier\/prada\" isautogenerated=\"true\" target=\"_blank\" rel=\"noopener\">Prada<\/a> assortis.<\/p>\n<p>Ce soir, le roi Charles III et la reine Camilla sont attendus sur la place du Horse Guards Parade pour assister \u00e0 un concert. Au programme, les prestations des chanteurs <strong>Freya<\/strong> <strong>Ridings<\/strong>, <strong>Calum<\/strong> <strong>Scott<\/strong> et <strong>Tom<\/strong> <strong>Walker<\/strong> mais aussi du groupe de rock The Darkness et du violoncelliste <strong>Sheku<\/strong> <strong>Kanneh-Mason<\/strong>, pr\u00e9cise <a data-offer-url=\"https:\/\/people.com\/kate-middleton-prince-william-king-charles-queen-camilla-ve-day-anniversary-service-11729880\" class=\"external-link\" data-event-click=\"{&quot;element&quot;:&quot;ExternalLink&quot;,&quot;outgoingURL&quot;:&quot;https:\/\/people.com\/kate-middleton-prince-william-king-charles-queen-camilla-ve-day-anniversary-service-11729880&quot;}\" href=\"https:\/\/people.com\/kate-middleton-prince-william-king-charles-queen-camilla-ve-day-anniversary-service-11729880\" rel=\"nofollow noopener\" target=\"_blank\">People<\/a>. Une soir\u00e9e ponctu\u00e9e, au plus grand bonheur de la reine, d&rsquo;une performance des danseurs de Strictly Come Dancing (la version britannique de Danse avec les stars), programme dont elle est f\u00e9rue.<\/p>\n","protected":false},"excerpt":{"rendered":"Trois jours apr\u00e8s avoir assist\u00e9 \u00e0 une parade militaire, la famille royale s&rsquo;est retrouv\u00e9e dans le c\u0153ur de&hellip;\n","protected":false},"author":2,"featured_media":86201,"comment_status":"","ping_status":"","sticky":false,"template":"","format":"standard","meta":{"footnotes":""},"categories":[1359],"tags":[19612,581,58,59,1011,27,5858,973,3936],"class_list":{"0":"post-86200","1":"post","2":"type-post","3":"status-publish","4":"format-standard","5":"has-post-thumbnail","7":"category-people","8":"tag-camilla-reine-consort","9":"tag-charles-iii","10":"tag-divertissement","11":"tag-entertainment","12":"tag-fr","13":"tag-france","14":"tag-kate-middleton","15":"tag-people","16":"tag-prince-william"},"share_on_mastodon":{"url":"https:\/\/pubeurope.com\/@fr\/114476514236419573","error":""},"_links":{"self":[{"href":"https:\/\/www.europesays.com\/fr\/wp-json\/wp\/v2\/posts\/86200","targetHints":{"allow":["GET"]}}],"collection":[{"href":"https:\/\/www.europesays.com\/fr\/wp-json\/wp\/v2\/posts"}],"about":[{"href":"https:\/\/www.europesays.com\/fr\/wp-json\/wp\/v2\/types\/post"}],"author":[{"embeddable":true,"href":"https:\/\/www.europesays.com\/fr\/wp-json\/wp\/v2\/users\/2"}],"replies":[{"embeddable":true,"href":"https:\/\/www.europesays.com\/fr\/wp-json\/wp\/v2\/comments?post=86200"}],"version-history":[{"count":0,"href":"https:\/\/www.europesays.com\/fr\/wp-json\/wp\/v2\/posts\/86200\/revisions"}],"wp:featuredmedia":[{"embeddable":true,"href":"https:\/\/www.europesays.com\/fr\/wp-json\/wp\/v2\/media\/86201"}],"wp:attachment":[{"href":"https:\/\/www.europesays.com\/fr\/wp-json\/wp\/v2\/media?parent=86200"}],"wp:term":[{"taxonomy":"category","embeddable":true,"href":"https:\/\/www.europesays.com\/fr\/wp-json\/wp\/v2\/categories?post=86200"},{"taxonomy":"post_tag","embeddable":true,"href":"https:\/\/www.europesays.com\/fr\/wp-json\/wp\/v2\/tags?post=86200"}],"curies":[{"name":"wp","href":"https:\/\/api.w.org\/{rel}","templated":true}]}}