{"id":86270,"date":"2025-05-09T07:23:07","date_gmt":"2025-05-09T07:23:07","guid":{"rendered":"https:\/\/www.europesays.com\/fr\/86270\/"},"modified":"2025-05-09T07:23:07","modified_gmt":"2025-05-09T07:23:07","slug":"une-route-coupee-apres-un-glissement-de-terrain-au-sud-de-lyon","status":"publish","type":"post","link":"https:\/\/www.europesays.com\/fr\/86270\/","title":{"rendered":"Une route coup\u00e9e apr\u00e8s un glissement de terrain au sud de Lyon"},"content":{"rendered":"<p>Responsable de la chute d&rsquo;un arbre sur la chauss\u00e9e, un glissement de terrain a provoqu\u00e9 la fermeture de la route entre Givors et \u00c9chalas, au sud de Lyon, ce jeudi 8 mai.<\/p>\n<p>La <b>circulation est coup\u00e9e<\/b> sur la route reliant les communes de <b>Givors<\/b> et d&rsquo;<b>\u00c9chalas<\/b>. En cause : un <b>glissement de terrain<\/b> survenu ce jeudi.\u00a0<\/p>\n<p>Selon le <a class=\"url\" href=\"https:\/\/c.leprogres.fr\/transport\/2025\/05\/08\/le-talus-risque-de-s-effondrer-eboulement-spectaculaire-entre-givors-et-echalas-la-circulation-interdite-jusqu-a-nouvel-ordre\" target=\"_blank\" rel=\"nofollow noopener\">Progr\u00e8s<\/a>, l&rsquo;\u00e9boulement a entra\u00een\u00e9 la <b>chute d&rsquo;un arbre<\/b> sur la chauss\u00e9e et l<b>&lsquo;effondrement<\/b> d&rsquo;une partie du <b>talus<\/b>.\u00a0<\/p>\n<p>Une d\u00e9viation mise en place<\/p>\n<p>Impraticable et barr\u00e9e, la route est donc ferm\u00e9e jusqu&rsquo;\u00e0 nouvel ordre et en attendant de nouvelles pr\u00e9cisions sur les travaux \u00e0 venir.\u00a0<\/p>\n<p>Les voitures doivent donc emprunter la <b>d\u00e9viation<\/b> mise en place, \u00e0 l&rsquo;instar \u00e9galement des <b>transports scolaires<\/b> dont deux arr\u00eats ont \u00e9t\u00e9 supprim\u00e9s.\u00a0<\/p>\n<p><img loading=\"lazy\" decoding=\"async\" src=\"https:\/\/www.europesays.com\/fr\/wp-content\/uploads\/2025\/05\/1746775387_678_img\" width=\"350\" height=\"200\" border=\"0\" title=\"Un camion de pompiers.\"\/><\/p>\n<p>\u25baFaits divers<\/p>\n<p style=\"font-size: 22px;\"><b>Givors : deux bless\u00e9s dont un grave apr\u00e8s une sortie de route<\/b><\/p>\n<p>Un accident de la route a fait deux bless\u00e9s, dont&#8230;<\/p>\n<p><\/p>\n","protected":false},"excerpt":{"rendered":"Responsable de la chute d&rsquo;un arbre sur la chauss\u00e9e, un glissement de terrain a provoqu\u00e9 la fermeture de&hellip;\n","protected":false},"author":2,"featured_media":86271,"comment_status":"","ping_status":"","sticky":false,"template":"","format":"standard","meta":{"footnotes":""},"categories":[1889],"tags":[19626,1111,11,8489,2430,1777,674,1011,27,19625,19627,2428,12,25,209],"class_list":{"0":"post-86270","1":"post","2":"type-post","3":"status-publish","4":"format-standard","5":"has-post-thumbnail","7":"category-lyon","8":"tag-chalas","9":"tag-actu","10":"tag-actualites","11":"tag-arbre","12":"tag-auvergne-rhone-alpes","13":"tag-eu","14":"tag-europe","15":"tag-fr","16":"tag-france","17":"tag-givors","18":"tag-glissement-de-terrain","19":"tag-lyon","20":"tag-news","21":"tag-republique-francaise","22":"tag-route"},"share_on_mastodon":{"url":"https:\/\/pubeurope.com\/@fr\/114476679690640012","error":""},"_links":{"self":[{"href":"https:\/\/www.europesays.com\/fr\/wp-json\/wp\/v2\/posts\/86270","targetHints":{"allow":["GET"]}}],"collection":[{"href":"https:\/\/www.europesays.com\/fr\/wp-json\/wp\/v2\/posts"}],"about":[{"href":"https:\/\/www.europesays.com\/fr\/wp-json\/wp\/v2\/types\/post"}],"author":[{"embeddable":true,"href":"https:\/\/www.europesays.com\/fr\/wp-json\/wp\/v2\/users\/2"}],"replies":[{"embeddable":true,"href":"https:\/\/www.europesays.com\/fr\/wp-json\/wp\/v2\/comments?post=86270"}],"version-history":[{"count":0,"href":"https:\/\/www.europesays.com\/fr\/wp-json\/wp\/v2\/posts\/86270\/revisions"}],"wp:featuredmedia":[{"embeddable":true,"href":"https:\/\/www.europesays.com\/fr\/wp-json\/wp\/v2\/media\/86271"}],"wp:attachment":[{"href":"https:\/\/www.europesays.com\/fr\/wp-json\/wp\/v2\/media?parent=86270"}],"wp:term":[{"taxonomy":"category","embeddable":true,"href":"https:\/\/www.europesays.com\/fr\/wp-json\/wp\/v2\/categories?post=86270"},{"taxonomy":"post_tag","embeddable":true,"href":"https:\/\/www.europesays.com\/fr\/wp-json\/wp\/v2\/tags?post=86270"}],"curies":[{"name":"wp","href":"https:\/\/api.w.org\/{rel}","templated":true}]}}