{"id":86323,"date":"2025-05-09T07:57:17","date_gmt":"2025-05-09T07:57:17","guid":{"rendered":"https:\/\/www.europesays.com\/fr\/86323\/"},"modified":"2025-05-09T07:57:17","modified_gmt":"2025-05-09T07:57:17","slug":"que-represente-cette-nouvelle-statue-installee-sur-une-place-de-la-ville-dorleans","status":"publish","type":"post","link":"https:\/\/www.europesays.com\/fr\/86323\/","title":{"rendered":"Que repr\u00e9sente cette nouvelle statue install\u00e9e sur une place de la ville d&rsquo;Orl\u00e9ans\u00a0?"},"content":{"rendered":"<p>            Par<br \/>\n        <strong><br \/>\n            <a href=\"https:\/\/actu.fr\/auteur\/noe-davenas\" title=\"Consulter tous les articles de Noe Davenas\" target=\"_blank\" rel=\"noopener\">Noe Davenas<\/a><br \/>\n        <\/strong><\/p>\n<p>        Publi\u00e9 le<\/p>\n<p>            8 mai 2025 \u00e0 16h32        <\/p>\n<p>Grande de 2,30 m\u00e8tres, elle s\u2019est \u00e9lev\u00e9e sur la Place G\u00e9n\u00e9ral de Gaulle \u00e0 visage d\u00e9couvert, jeudi 8\u00a0mai 2025. C\u00e9r\u00e9monie en grande pompe, <a href=\"https:\/\/actu.fr\/tag\/mairie-d-orleans\" target=\"_blank\" rel=\"noopener\">mairie d\u2019Orl\u00e9ans<\/a> (<a href=\"https:\/\/actu.fr\/centre-val-de-loire\/loiret_45\" target=\"_blank\" rel=\"noopener\">Loiret<\/a>), d\u00e9put\u00e9s et s\u00e9nateurs \u00e9taient pr\u00e9sents pour le d\u00e9voilement de cette nouvelle statue, sculpt\u00e9e par l\u2019artiste <strong>Mathieu Gaudric,<\/strong> retenu pour son interpr\u00e9tation du personnage.<\/p>\n<p>K\u00e9pi \u00e0 la main, regard \u00e0 l\u2019horizon<br \/>\n      <img   decoding=\"async\" loading=\"lazy\" src=\"https:\/\/www.europesays.com\/fr\/wp-content\/uploads\/2025\/05\/img-2586-960x640.jpg\" alt=\"Le sculpteur adopte une vision \" width=\"960\" height=\"640\"\/><br \/>\n    Le sculpteur adopte une vision \u00ab\u2009plus humaine et accessible\u2009\u00bb au G\u00e9n\u00e9ral De Gaulle. \u00ab\u2009Entre le civil et le militaire\u2009\u00bb, a compl\u00e9t\u00e9 Mathieu Gaudric.<\/p>\n<p class=\" wall-content\">Si on lui connaissait habituellement avec le k\u00e9pi viss\u00e9 sur la t\u00eate, le grand monsieur fran\u00e7ais appara\u00eet ici <strong>k\u00e9pi \u00e0 la main droite, regard \u00e0 l\u2019horizon<\/strong> vers la cath\u00e9drale. Le G\u00e9n\u00e9ral De Gaulle est d\u00e9sormais pos\u00e9 sur son socle, \u00e0 l\u2019entr\u00e9e de la rue des Carmes.<\/p>\n<p class=\" wall-content\">Une autre vision du personnage \u00ab\u2009humaine, accessible \u00e0 tous\u2009\u00bb, rappelait le sculpteur fran\u00e7ais, m\u00ealant abstraction et figuration. Ici, \u00ab\u2009on repr\u00e9sente l\u2019homme du <a href=\"https:\/\/actu.fr\/tag\/seconde-guerre-mondiale\" target=\"_blank\" rel=\"noopener\">18\u00a0juin<\/a>, celui qui se dresse face au tragique. L\u2019homme seul qui se place au-dessus de toutes les repr\u00e9sentations.\u2009\u00bb<\/p>\n<blockquote class=\"ac-article-quote wall-content\">\n<p>Le k\u00e9pi \u00e0 la main rappelle que l&rsquo;homme qu&rsquo;\u00e9tait le G\u00e9n\u00e9ral de Gaulle \u00e9tait engag\u00e9 de mani\u00e8re civile comme militaire.<\/p>\n<p>    <strong>Mathieu Gaudric,<\/strong><br \/>\n        Sculpteur de la statue    <\/p><\/blockquote>\n<p class=\" wall-content\">L\u2019homme de bronze mesure quatre m\u00e8tres en tout. Sans le socle, le g\u00e9n\u00e9ral peut se targuer d\u2019en <strong>mesurer 2\u00a0m\u00e8tres 30 et de peser 200\u00a0kg de bronze, <\/strong>au prix de <strong>50\u2009000\u00a0euros.<\/strong> Sur le socle, le nom des 182 hommes et femmes engag\u00e9s dans les Forces fran\u00e7ais libres qui ont r\u00e9pondu \u00e0 l\u2019Appel.<\/p>\n<p>Vid\u00e9os : en ce moment sur ActuUn discours plus politique que pr\u00e9vu de la part de Serge Grouard<\/p>\n<p>Devant la sculpture, de nombreux sentiments nous parviennent. Le courage de la r\u00e9sistance face \u00e0 la barbarie, la fiert\u00e9 de pr\u00e9server la m\u00e9moire face \u00e0 la capitulation, le pouvoir de l&rsquo;engagement face \u00e0 la trahison&#8230; <br \/>Il aura fallu un discours de Serge Grouard pour que le message soit en fait plus politique et tranchant. L&rsquo;\u00e9dile pr\u00eate alors \u00e0 cette \u0153uvre un autre discours, comme \u00ab\u00a0un second appel\u00a0\u00bb pour le \u00ab\u00a0redressement de la France\u00a0\u00bb. Il ne donnera pas plus de d\u00e9tails, comprendra alors qui pourra. Au premier rang de ces mots, G\u00e9rard Larcher, pr\u00e9sident du S\u00e9nat, et une multitude de repr\u00e9sentants de la m\u00e9moire r\u00e9sistante.<\/p>\n<p class=\" wall-content\">Des noms grav\u00e9s en forme circulaire, rappelant <strong>celle des ondes radiophoniques<\/strong> de la BBC, qui changeront \u00e0 jamais le sort de la France.<\/p>\n<p class=\" wall-content\">Suivez toute l\u2019actualit\u00e9 de vos villes et m\u00e9dias favoris en vous inscrivant \u00e0 <a href=\"https:\/\/moncompte.actu.fr\" title=\"D\u00e9couvez Mon Actu\" rel=\"nofollow noopener\" data-trk=\"{&quot;cta&quot;:{&quot;action&quot;:&quot;https:\\\/\\\/moncompte.actu.fr&quot;,&quot;category&quot;:&quot;mon compte&quot;,&quot;from&quot;:&quot;article footer&quot;,&quot;name&quot;:&quot;Mon actu&quot;,&quot;type&quot;:&quot;cta&quot;}}\" target=\"_blank\">Mon Actu<\/a>.<\/p>\n<ul class=\"ac-article-tag wall-content\">\n<li><a href=\"https:\/\/actu.fr\/tag\/mairie-d-orleans\" data-trk=\"{&quot;cta&quot;:{&quot;action&quot;:&quot;Mairie d&#039;Orl\\u00e9ans&quot;,&quot;category&quot;:&quot;tag&quot;,&quot;from&quot;:&quot;article footer&quot;,&quot;name&quot;:&quot;Mairie d&#039;Orl\\u00e9ans&quot;,&quot;type&quot;:&quot;cta&quot;}}\" target=\"_blank\" rel=\"noopener\">#Mairie d&rsquo;Orl\u00e9ans<\/a><\/li>\n<li><a href=\"https:\/\/actu.fr\/tag\/seconde-guerre-mondiale\" data-trk=\"{&quot;cta&quot;:{&quot;action&quot;:&quot;Seconde Guerre mondiale&quot;,&quot;category&quot;:&quot;tag&quot;,&quot;from&quot;:&quot;article footer&quot;,&quot;name&quot;:&quot;Seconde Guerre mondiale&quot;,&quot;type&quot;:&quot;cta&quot;}}\" target=\"_blank\" rel=\"noopener\">#Seconde Guerre mondiale<\/a><\/li>\n<\/ul>\n","protected":false},"excerpt":{"rendered":"Par Noe Davenas Publi\u00e9 le 8 mai 2025 \u00e0 16h32 Grande de 2,30 m\u00e8tres, elle s\u2019est \u00e9lev\u00e9e sur&hellip;\n","protected":false},"author":2,"featured_media":86324,"comment_status":"","ping_status":"","sticky":false,"template":"","format":"standard","meta":{"footnotes":""},"categories":[1358],"tags":[1348,1384,1385,1386,58,59,1011,27,19632,935,104],"class_list":{"0":"post-86323","1":"post","2":"type-post","3":"status-publish","4":"format-standard","5":"has-post-thumbnail","7":"category-arts-et-design","8":"tag-arts","9":"tag-arts-and-design","10":"tag-arts-et-design","11":"tag-design","12":"tag-divertissement","13":"tag-entertainment","14":"tag-fr","15":"tag-france","16":"tag-mairie-dorleans","17":"tag-seconde-guerre-mondiale","18":"tag-societe"},"share_on_mastodon":{"url":"https:\/\/pubeurope.com\/@fr\/114476813181089216","error":""},"_links":{"self":[{"href":"https:\/\/www.europesays.com\/fr\/wp-json\/wp\/v2\/posts\/86323","targetHints":{"allow":["GET"]}}],"collection":[{"href":"https:\/\/www.europesays.com\/fr\/wp-json\/wp\/v2\/posts"}],"about":[{"href":"https:\/\/www.europesays.com\/fr\/wp-json\/wp\/v2\/types\/post"}],"author":[{"embeddable":true,"href":"https:\/\/www.europesays.com\/fr\/wp-json\/wp\/v2\/users\/2"}],"replies":[{"embeddable":true,"href":"https:\/\/www.europesays.com\/fr\/wp-json\/wp\/v2\/comments?post=86323"}],"version-history":[{"count":0,"href":"https:\/\/www.europesays.com\/fr\/wp-json\/wp\/v2\/posts\/86323\/revisions"}],"wp:featuredmedia":[{"embeddable":true,"href":"https:\/\/www.europesays.com\/fr\/wp-json\/wp\/v2\/media\/86324"}],"wp:attachment":[{"href":"https:\/\/www.europesays.com\/fr\/wp-json\/wp\/v2\/media?parent=86323"}],"wp:term":[{"taxonomy":"category","embeddable":true,"href":"https:\/\/www.europesays.com\/fr\/wp-json\/wp\/v2\/categories?post=86323"},{"taxonomy":"post_tag","embeddable":true,"href":"https:\/\/www.europesays.com\/fr\/wp-json\/wp\/v2\/tags?post=86323"}],"curies":[{"name":"wp","href":"https:\/\/api.w.org\/{rel}","templated":true}]}}