{"id":86364,"date":"2025-05-09T08:23:09","date_gmt":"2025-05-09T08:23:09","guid":{"rendered":"https:\/\/www.europesays.com\/fr\/86364\/"},"modified":"2025-05-09T08:23:09","modified_gmt":"2025-05-09T08:23:09","slug":"le-festival-rennes-au-pluriel-fete-la-diversite-du-9-au-22-mai","status":"publish","type":"post","link":"https:\/\/www.europesays.com\/fr\/86364\/","title":{"rendered":"Le festival Rennes au pluriel f\u00eate la diversit\u00e9 du 9 au 22\u00a0mai"},"content":{"rendered":"<p>\u00c0 travers une programmation vari\u00e9e, m\u00ealant notamment expositions, th\u00e9\u00e2tre, conf\u00e9rences, ateliers, projections, danse, <a href=\"https:\/\/www.calameo.com\/rennes-ville-et-metropole\/read\/0054162344c7a1ad37ce0\" target=\"_self\" rel=\"noopener\">Rennes au Pluriel<\/a> met en avant et d\u00e9fend la richesse d\u2019une soci\u00e9t\u00e9 plurielle, m\u00e9tiss\u00e9e et diverse. Voici quelque temps forts \u00e0 ne pas manquer.<\/p>\n<p>Table ronde<\/p>\n<p>Le festival ouvrira le vendredi 9\u00a0mai \u00e0 18\u00a0h \u00e0 l\u2019h\u00f4tel de ville de <a href=\"https:\/\/rennes.maville.com\/info\/info-locale\/\" target=\"_self\" rel=\"noopener\">Rennes, <\/a>avec une table ronde sur le th\u00e8me \u00ab\u00a0Transmettre l\u2019histoire de l\u2019esclavage\u00a0: freins et leviers\u00a0\u00bb, avec Olivier Marboeuf (\u00e9crivain, chercheur et producteur de cin\u00e9ma), Michelle Correa (de l\u2019association M\u00e9moires et partages), Caroline D\u00e9odat (chercheuse et artiste), Rapha\u00ebl Janeault (de la Fondation pour la m\u00e9moire de l\u2019esclavage).<\/p>\n<p>Spectacle<\/p>\n<p>Le mercredi 14\u00a0mai \u00e0 14\u00a0h, place \u00e0 \u00ab\u00a0Cette nuit, une chouette m\u2019a dit\u00a0\u00bb, un spectacle de contes et chants en gallo, suivi d\u2019une initiation au gallo.<\/p>\n<p>Le vendredi 16\u00a0mai au 4Bis \u00e0 14\u00a0h, une table ronde invite des actrices et acteurs locaux, r\u00e9gionaux et nationaux pour \u00e9changer sur la place du collectif et sur la parole politique dans les projets m\u00e9moriels valorisant l\u2019histoire des immigrations.<\/p>\n<p>Projection<\/p>\n<p>Le m\u00eame jour, au cin\u00e9ma l\u2019Arvor \u00e0 18\u00a0h, Rennes M\u00e9tropole propose la projection d\u2019un documentaire, \u00ab\u00a0Paese di Resistenza\u00a0\u00bb de Catherine Catella et Shu Aiello. Celui-ci retrace le proc\u00e8s du maire de Riace, village italien ayant accueilli des personnes exil\u00e9es pendant plusieurs d\u00e9cennies avant la mont\u00e9e du populisme.<\/p>\n<p>Mercredi 21\u00a0mai de 14\u00a0h\u00a030 \u00e0 18\u00a0h\u00a030 l\u2019association Langophonies propose un apr\u00e8s-midi ludique et festif place du march\u00e9 au Blosne pour petits et grands, curieux de langues et de cultures.<\/p>\n<p>Tout le programme et inscriptions sur le site de Rennes m\u00e9tropole : <a href=\"https:\/\/metropole.rennes.fr\/rennes-au-pluriel-fete-ses-dix-ans\" rel=\"nofollow noopener\" target=\"_blank\">metropole.rennes.fr\/rennes-au-pluriel-fete-ses-dix-ans<\/a><\/p>\n<p>\u00a0<\/p>\n","protected":false},"excerpt":{"rendered":"\u00c0 travers une programmation vari\u00e9e, m\u00ealant notamment expositions, th\u00e9\u00e2tre, conf\u00e9rences, ateliers, projections, danse, Rennes au Pluriel met en&hellip;\n","protected":false},"author":2,"featured_media":86365,"comment_status":"","ping_status":"","sticky":false,"template":"","format":"standard","meta":{"footnotes":""},"categories":[2821],"tags":[10508,5658,1111,11,829,17963,1777,674,849,4768,1011,27,2565,12,19642,584,25],"class_list":{"0":"post-86364","1":"post","2":"type-post","3":"status-publish","4":"format-standard","5":"has-post-thumbnail","7":"category-rennes","8":"tag-10508","9":"tag-5658","10":"tag-actu","11":"tag-actualites","12":"tag-bretagne","13":"tag-diversite","14":"tag-eu","15":"tag-europe","16":"tag-festival","17":"tag-fete","18":"tag-fr","19":"tag-france","20":"tag-mai","21":"tag-news","22":"tag-pluriel","23":"tag-rennes","24":"tag-republique-francaise"},"share_on_mastodon":{"url":"https:\/\/pubeurope.com\/@fr\/114476915310552337","error":""},"_links":{"self":[{"href":"https:\/\/www.europesays.com\/fr\/wp-json\/wp\/v2\/posts\/86364","targetHints":{"allow":["GET"]}}],"collection":[{"href":"https:\/\/www.europesays.com\/fr\/wp-json\/wp\/v2\/posts"}],"about":[{"href":"https:\/\/www.europesays.com\/fr\/wp-json\/wp\/v2\/types\/post"}],"author":[{"embeddable":true,"href":"https:\/\/www.europesays.com\/fr\/wp-json\/wp\/v2\/users\/2"}],"replies":[{"embeddable":true,"href":"https:\/\/www.europesays.com\/fr\/wp-json\/wp\/v2\/comments?post=86364"}],"version-history":[{"count":0,"href":"https:\/\/www.europesays.com\/fr\/wp-json\/wp\/v2\/posts\/86364\/revisions"}],"wp:featuredmedia":[{"embeddable":true,"href":"https:\/\/www.europesays.com\/fr\/wp-json\/wp\/v2\/media\/86365"}],"wp:attachment":[{"href":"https:\/\/www.europesays.com\/fr\/wp-json\/wp\/v2\/media?parent=86364"}],"wp:term":[{"taxonomy":"category","embeddable":true,"href":"https:\/\/www.europesays.com\/fr\/wp-json\/wp\/v2\/categories?post=86364"},{"taxonomy":"post_tag","embeddable":true,"href":"https:\/\/www.europesays.com\/fr\/wp-json\/wp\/v2\/tags?post=86364"}],"curies":[{"name":"wp","href":"https:\/\/api.w.org\/{rel}","templated":true}]}}