{"id":864,"date":"2025-04-02T01:00:19","date_gmt":"2025-04-02T01:00:19","guid":{"rendered":"https:\/\/www.europesays.com\/fr\/864\/"},"modified":"2025-04-02T01:00:19","modified_gmt":"2025-04-02T01:00:19","slug":"ladministration-trump-menace-luniversite-de-harvard-de-lui-couper-9-milliards-de-subventions","status":"publish","type":"post","link":"https:\/\/www.europesays.com\/fr\/864\/","title":{"rendered":"L\u2019administration Trump menace l\u2019universit\u00e9 de Harvard de lui couper 9\u00a0milliards de subventions"},"content":{"rendered":"<p>Depuis son retour \u00e0 la <a href=\"https:\/\/www.20minutes.fr\/dossier\/maison_blanche\" class=\"color-ultramarine c-link\" target=\"_blank\" rel=\"noopener\">Maison-Blanche<\/a>, Donald Trump a fait des grandes universit\u00e9s am\u00e9ricaines une cible politique, d\u00e9non\u00e7ant les manifestations \u00e9tudiantes contre la guerre men\u00e9e par Isra\u00ebl \u00e0 Gaza. Plusieurs campus, dont ceux de Columbia (New York) et de <a href=\"https:\/\/www.20minutes.fr\/dossier\/harvard\" class=\"color-ultramarine c-link\" target=\"_blank\" rel=\"noopener\">Harvard<\/a> (Boston), ont \u00e9t\u00e9 le th\u00e9\u00e2tre de mobilisations \u00e9tudiantes qualifi\u00e9es par ses soutiens de \u00ab\u00a0propalestiniennes\u00a0\u00bb voire d\u2019\u00ab\u00a0antis\u00e9mites\u00a0\u00bb.<\/p>\n<p>Dans un communiqu\u00e9 sign\u00e9 par plusieurs agences f\u00e9d\u00e9rales, parmi lesquelles <a href=\"https:\/\/www.20minutes.fr\/monde\/etats-unis\/4138073-20250211-etats-unis-ministere-education-aussi-viseur-donald-trump\" target=\"_blank\" class=\"color-ultramarine c-link\" rel=\"noopener\">le minist\u00e8re de l\u2019\u00c9ducation<\/a>, le gouvernement estime que les mesures prises r\u00e9cemment par Harvard ne suffisent pas \u00e0 corriger un suppos\u00e9 \u00ab\u00a0antis\u00e9mitisme institutionnalis\u00e9\u00a0\u00bb et que \u00ab\u00a0l\u2019universit\u00e9 doit faire bien plus pour conserver le privil\u00e8ge de recevoir l\u2019argent durement gagn\u00e9 par les contribuables\u00a0\u00bb indique le texte.<\/p>\n<\/p>\n<p>Des milliards de dollars pass\u00e9s \u00e0 la loupe<\/p>\n<p>Concr\u00e8tement, l\u2019administration Trump a pr\u00e9vu de passer en revue plus de 255\u00a0millions de dollars de contrats f\u00e9d\u00e9raux en cours avec l\u2019universit\u00e9 de Harvard, ainsi que 8,7\u00a0milliards de subventions pluriannuelles. L\u2019enqu\u00eate pourrait d\u00e9boucher sur un retrait total ou partiel de ces financements, qui constituent une part importante du budget de l\u2019universit\u00e9. \u00ab\u00a0Nous n\u2019h\u00e9siterons pas \u00e0 agir si Harvard \u00e9choue \u00e0 r\u00e9pondre aux demandes du gouvernement\u00a0\u00bb, pr\u00e9vient le communiqu\u00e9.<\/p>\n<p>La ministre de l\u2019\u00c9ducation, <a href=\"https:\/\/www.20minutes.fr\/monde\/etats-unis\/4122216-20241120-etats-unis-comme-ministre-education-trump-choisit-ex-patronne-catch-americain\" target=\"_blank\" class=\"color-ultramarine c-link\" rel=\"noopener\">Linda McMahon<\/a>, va plus loin encore, affirmant que l\u2019universit\u00e9 a mis \u00ab\u00a0sa r\u00e9putation en grave danger\u00a0\u00bb en laissant prosp\u00e9rer des discours jug\u00e9s discriminants envers les \u00e9tudiants juifs. \u00ab\u00a0Harvard peut r\u00e9parer ces torts et regagner son rang de campus d\u00e9di\u00e9 \u00e0 l\u2019excellence acad\u00e9mique et \u00e0 la recherche de la v\u00e9rit\u00e9\u00a0\u00bb, a-t-elle d\u00e9clar\u00e9, \u00e9voquant au pass\u00e9 l\u2019image de Harvard comme \u00ab\u00a0symbole du r\u00eave am\u00e9ricain\u00a0\u00bb.<\/p>\n<p>\u00ab\u00a0Pour lutter contre l\u2019antis\u00e9mitisme\u00a0\u00bb<\/p>\n<p>\u00ab\u00a0Cet examen fait partie des efforts\u00a0\u00bb du gouvernement \u00ab\u00a0pour lutter contre l\u2019antis\u00e9mitisme\u00a0\u00bb explique le communiqu\u00e9. Une annonce qui s\u2019inscrit dans une offensive plus large men\u00e9e par l\u2019administration contre certaines universit\u00e9s prestigieuses. En mars, l\u2019universit\u00e9 de Columbia a d\u00e9j\u00e0 vu 400\u00a0millions de dollars de subventions f\u00e9d\u00e9rales suspendues pour des motifs similaires. L\u2019\u00e9tablissement a depuis engag\u00e9 des r\u00e9formes pour tenter de se conformer aux exigences du gouvernement.<\/p>\n<p><a href=\"https:\/\/www.20minutes.fr\/monde\/etats-unis\/\" class=\"c-link c-btn c-btn--primary\" target=\"_blank\" rel=\"noopener\">Notre dossier sur les Etats-Unis<\/a><\/p>\n<p>\u00ab\u00a0Les actions engag\u00e9es aujourd\u2019hui \u00e0 Harvard s\u2019inscrivent dans la continuit\u00e9 de l\u2019examen en cours \u00e0 Columbia\u00a0\u00bb, pr\u00e9cise le communiqu\u00e9. Pour l\u2019instant, Harvard n\u2019a pas r\u00e9agi officiellement \u00e0 ces menaces.<\/p>\n","protected":false},"excerpt":{"rendered":"Depuis son retour \u00e0 la Maison-Blanche, Donald Trump a fait des grandes universit\u00e9s am\u00e9ricaines une cible politique, d\u00e9non\u00e7ant&hellip;\n","protected":false},"author":2,"featured_media":865,"comment_status":"","ping_status":"","sticky":false,"template":"","format":"standard","meta":{"footnotes":""},"categories":[5],"tags":[47,11,667,75,73,665,666,14,664,78,74,415,12,28],"class_list":{"0":"post-864","1":"post","2":"type-post","3":"status-publish","4":"format-standard","5":"has-post-thumbnail","7":"category-international","8":"tag-actualite","9":"tag-actualites","10":"tag-boston","11":"tag-donald-trump","12":"tag-etats-unis","13":"tag-gaza","14":"tag-harvard","15":"tag-international","16":"tag-israel","17":"tag-maison-blanche","18":"tag-monde","19":"tag-new-york","20":"tag-news","21":"tag-world"},"share_on_mastodon":{"url":"https:\/\/pubeurope.com\/@fr\/114265667887143764","error":""},"_links":{"self":[{"href":"https:\/\/www.europesays.com\/fr\/wp-json\/wp\/v2\/posts\/864","targetHints":{"allow":["GET"]}}],"collection":[{"href":"https:\/\/www.europesays.com\/fr\/wp-json\/wp\/v2\/posts"}],"about":[{"href":"https:\/\/www.europesays.com\/fr\/wp-json\/wp\/v2\/types\/post"}],"author":[{"embeddable":true,"href":"https:\/\/www.europesays.com\/fr\/wp-json\/wp\/v2\/users\/2"}],"replies":[{"embeddable":true,"href":"https:\/\/www.europesays.com\/fr\/wp-json\/wp\/v2\/comments?post=864"}],"version-history":[{"count":0,"href":"https:\/\/www.europesays.com\/fr\/wp-json\/wp\/v2\/posts\/864\/revisions"}],"wp:featuredmedia":[{"embeddable":true,"href":"https:\/\/www.europesays.com\/fr\/wp-json\/wp\/v2\/media\/865"}],"wp:attachment":[{"href":"https:\/\/www.europesays.com\/fr\/wp-json\/wp\/v2\/media?parent=864"}],"wp:term":[{"taxonomy":"category","embeddable":true,"href":"https:\/\/www.europesays.com\/fr\/wp-json\/wp\/v2\/categories?post=864"},{"taxonomy":"post_tag","embeddable":true,"href":"https:\/\/www.europesays.com\/fr\/wp-json\/wp\/v2\/tags?post=864"}],"curies":[{"name":"wp","href":"https:\/\/api.w.org\/{rel}","templated":true}]}}