{"id":86413,"date":"2025-05-09T08:51:14","date_gmt":"2025-05-09T08:51:14","guid":{"rendered":"https:\/\/www.europesays.com\/fr\/86413\/"},"modified":"2025-05-09T08:51:14","modified_gmt":"2025-05-09T08:51:14","slug":"les-etats-unis-demandent-a-leurs-futurs-partenaires-commerciaux-dadopter-starlink","status":"publish","type":"post","link":"https:\/\/www.europesays.com\/fr\/86413\/","title":{"rendered":"Les \u00c9tats-Unis demandent \u00e0 leurs futurs partenaires commerciaux d&rsquo;adopter Starlink"},"content":{"rendered":"<p>Si l\u2019on en croit <a href=\"https:\/\/www.washingtonpost.com\/business\/2025\/05\/07\/elon-musk-starlink-trump-tariffs\/\" rel=\"external nofollow noopener\" target=\"_blank\">The Washington Post<\/a>, le gouvernement am\u00e9ricain soutiendrait activement l\u2019adoption de<strong> Starlink<\/strong>, le service internet par satellite d\u2019Elon Musk, dans le cadre des n\u00e9gociations commerciales en cours avec plusieurs pays ! Ces derni\u00e8res semaines, des nations comme l\u2019<strong>Inde<\/strong>, le <strong>Bangladesh<\/strong>, le<strong> Pakistan<\/strong>, la <strong>Somalie<\/strong> et le <strong>Vietnam<\/strong> seraient ainsi\u00a0 proches d\u2019accords commerciaux incluant Starlink. Officiellement, rien ne relie la r\u00e9duction des droits de douane \u00e0 l\u2019adoption de Starlink, mais des messages internes sugg\u00e8rent que le D\u00e9partement d\u2019\u00c9tat am\u00e9ricain ainsi que les ambassades encouragent activement un soutien aux soci\u00e9t\u00e9s am\u00e9ricaines de services internet par satellite (et donc principalement \u00e0 Starlink). Le secr\u00e9taire d\u2019\u00c9tat<strong> Marco Rubio<\/strong> aurait m\u00eame donn\u00e9 pour consigne de promouvoir l\u2019approbation de Starlink.<\/p>\n<p><img loading=\"lazy\" decoding=\"async\" class=\"aligncenter size-large wp-image-253214\" src=\"https:\/\/www.europesays.com\/fr\/wp-content\/uploads\/2025\/05\/Starlink-satellite-1024x587.jpeg\" alt=\"Starlink satellite\" width=\"1024\" height=\"587\"  \/><\/p>\n<p>Face \u00e0 cette pression, les autorit\u00e9s indiennes auraient acc\u00e9l\u00e9r\u00e9 le processus d\u2019adoption de Starlink \u00e0 l\u2019\u00e9chelle nationale dans l\u2019espoir de b\u00e9n\u00e9ficier d\u2019accords commerciaux plus \u00ab\u00a0favorables\u00a0\u00bb. Ce soutien diplomatique \u00e0 Starlink suscite d\u00e9j\u00e0 des critiques, notamment dans la sph\u00e8re politique,\u00a0 d\u2019autant que loin de d\u00e9mentir l\u2019information, un porte-parole de la Maison-Blanche a affirm\u00e9 que l\u2019administration Trump privil\u00e9giait\u00a0 les int\u00e9r\u00eats des Am\u00e9ricains et le succ\u00e8s des entreprises nationales face \u00e0 la concurrence mondiale, ce qui sonne effectivement comme un aveu. Plusieurs s\u00e9nateurs d\u00e9mocrates ont demand\u00e9 au pr\u00e9sident Trump d\u2019enqu\u00eater sur de possibles conflits d\u2019int\u00e9r\u00eats voire abus de pouvoir de la part d\u2019Elon Musk, ce dernier \u00e9tant d\u00e9sormais soup\u00e7onn\u00e9 d\u2019avoir utilis\u00e9 ses relations avec la Maison Blanche pour favoriser l\u2019expansion internationale de Starlink.<\/p>\n","protected":false},"excerpt":{"rendered":"Si l\u2019on en croit The Washington Post, le gouvernement am\u00e9ricain soutiendrait activement l\u2019adoption de Starlink, le service internet&hellip;\n","protected":false},"author":2,"featured_media":86414,"comment_status":"","ping_status":"","sticky":false,"template":"","format":"standard","meta":{"footnotes":""},"categories":[1589],"tags":[11,35,73,2474,1866,12,4314,1864,1865,1863,308],"class_list":{"0":"post-86413","1":"post","2":"type-post","3":"status-publish","4":"format-standard","5":"has-post-thumbnail","7":"category-etats-unis","8":"tag-actualites","9":"tag-business","10":"tag-etats-unis","11":"tag-etats-unis-usa","12":"tag-etats-unis-damerique","13":"tag-news","14":"tag-starlink","15":"tag-united-states","16":"tag-united-states-of-america","17":"tag-us","18":"tag-usa"},"share_on_mastodon":{"url":"https:\/\/pubeurope.com\/@fr\/114477025432818429","error":""},"_links":{"self":[{"href":"https:\/\/www.europesays.com\/fr\/wp-json\/wp\/v2\/posts\/86413","targetHints":{"allow":["GET"]}}],"collection":[{"href":"https:\/\/www.europesays.com\/fr\/wp-json\/wp\/v2\/posts"}],"about":[{"href":"https:\/\/www.europesays.com\/fr\/wp-json\/wp\/v2\/types\/post"}],"author":[{"embeddable":true,"href":"https:\/\/www.europesays.com\/fr\/wp-json\/wp\/v2\/users\/2"}],"replies":[{"embeddable":true,"href":"https:\/\/www.europesays.com\/fr\/wp-json\/wp\/v2\/comments?post=86413"}],"version-history":[{"count":0,"href":"https:\/\/www.europesays.com\/fr\/wp-json\/wp\/v2\/posts\/86413\/revisions"}],"wp:featuredmedia":[{"embeddable":true,"href":"https:\/\/www.europesays.com\/fr\/wp-json\/wp\/v2\/media\/86414"}],"wp:attachment":[{"href":"https:\/\/www.europesays.com\/fr\/wp-json\/wp\/v2\/media?parent=86413"}],"wp:term":[{"taxonomy":"category","embeddable":true,"href":"https:\/\/www.europesays.com\/fr\/wp-json\/wp\/v2\/categories?post=86413"},{"taxonomy":"post_tag","embeddable":true,"href":"https:\/\/www.europesays.com\/fr\/wp-json\/wp\/v2\/tags?post=86413"}],"curies":[{"name":"wp","href":"https:\/\/api.w.org\/{rel}","templated":true}]}}