{"id":864212,"date":"2026-04-12T13:01:17","date_gmt":"2026-04-12T13:01:17","guid":{"rendered":"https:\/\/www.europesays.com\/fr\/864212\/"},"modified":"2026-04-12T13:01:17","modified_gmt":"2026-04-12T13:01:17","slug":"la-russie-et-lukraine-saccusent-mutuellement-de-violer-le-cessez-le-feu-de-paques","status":"publish","type":"post","link":"https:\/\/www.europesays.com\/fr\/864212\/","title":{"rendered":"La Russie et l&rsquo;Ukraine s&rsquo;accusent mutuellement de violer le cessez-le-feu de P\u00e2ques"},"content":{"rendered":"<p>La Russie et l\u2019Ukraine se sont mutuellement accus\u00e9es dimanche d\u2019avoir viol\u00e9 le cessez-le-feu de P\u00e2ques d\u00e9cr\u00e9t\u00e9 par le Kremlin, qui \u00e9tait entr\u00e9 en vigueur moins de 24\u00a0heures auparavant.<\/p>\n<p>Jeudi, le pr\u00e9sident russe Vladimir Poutine a d\u00e9clar\u00e9 un cessez-le-feu de 32\u00a0heures pour le week-end de P\u00e2ques orthodoxe, ordonnant aux forces russes de suspendre les hostilit\u00e9s de 16\u00a0h samedi jusqu\u2019\u00e0 la fin de la journ\u00e9e de dimanche.<\/p>\n<p>Le pr\u00e9sident ukrainien Volodymyr Zelensky a promis de respecter le cessez-le-feu, mais a averti qu\u2019il y aurait une r\u00e9ponse militaire rapide \u00e0 toute violation.<\/p>\n<p>L\u2019\u00e9tat-major des forces arm\u00e9es ukrainiennes a recens\u00e9 dimanche dans un communiqu\u00e9 2299 violations du cessez-le-feu \u00e0 7\u00a0h, heure locale, notamment des assauts, des bombardements et des lancements de petits drones. Il a pr\u00e9cis\u00e9 qu\u2019aucune utilisation de drones \u00e0 longue port\u00e9e, de missiles ou de bombes guid\u00e9es n\u2019avait \u00e9t\u00e9 signal\u00e9e.<\/p>\n<p>Un officier de l\u2019arm\u00e9e ukrainienne a affirm\u00e9 samedi \u00e0 l\u2019Associated Press que les forces russes avaient continu\u00e9 \u00e0 attaquer leurs positions.<\/p>\n<p>De son c\u00f4t\u00e9, le minist\u00e8re russe de la D\u00e9fense a \u00e9galement rapport\u00e9 dimanche 1971 violations du cessez-le-feu par les forces ukrainiennes, notamment des frappes de drones sur les r\u00e9gions russes de Koursk et de Belgorod qui ont bless\u00e9 des civils.<\/p>\n<p>Les pr\u00e9c\u00e9dentes tentatives visant \u00e0 garantir le respect du cessez-le-feu n\u2019ont eu que peu ou pas d\u2019effet, les deux parties s\u2019accusant mutuellement de violations.<\/p>\n<p>L\u2019ann\u00e9e derni\u00e8re, Vladimir Poutine avait d\u00e9clar\u00e9 unilat\u00e9ralement un cessez-le-feu de 30\u00a0heures pour P\u00e2ques, mais chaque camp a accus\u00e9 l\u2019autre de l\u2019avoir rompu.<\/p>\n","protected":false},"excerpt":{"rendered":"La Russie et l\u2019Ukraine se sont mutuellement accus\u00e9es dimanche d\u2019avoir viol\u00e9 le cessez-le-feu de P\u00e2ques d\u00e9cr\u00e9t\u00e9 par le&hellip;\n","protected":false},"author":2,"featured_media":864213,"comment_status":"","ping_status":"","sticky":false,"template":"","format":"standard","meta":{"footnotes":"","_share_on_mastodon":"0"},"categories":[1591],"tags":[11,1887,1854,22536,12,1885,1886,132],"class_list":["post-864212","post","type-post","status-publish","format-standard","has-post-thumbnail","category-russie","tag-actualites","tag-federation-de-russie","tag-https-lactualite-com-sujet-international","tag-https-lactualite-com-sujet-religion","tag-news","tag-russia","tag-russian-federation","tag-russie"],"share_on_mastodon":{"url":"https:\/\/pubeurope.com\/@fr\/116391869704235776","error":""},"_links":{"self":[{"href":"https:\/\/www.europesays.com\/fr\/wp-json\/wp\/v2\/posts\/864212","targetHints":{"allow":["GET"]}}],"collection":[{"href":"https:\/\/www.europesays.com\/fr\/wp-json\/wp\/v2\/posts"}],"about":[{"href":"https:\/\/www.europesays.com\/fr\/wp-json\/wp\/v2\/types\/post"}],"author":[{"embeddable":true,"href":"https:\/\/www.europesays.com\/fr\/wp-json\/wp\/v2\/users\/2"}],"replies":[{"embeddable":true,"href":"https:\/\/www.europesays.com\/fr\/wp-json\/wp\/v2\/comments?post=864212"}],"version-history":[{"count":0,"href":"https:\/\/www.europesays.com\/fr\/wp-json\/wp\/v2\/posts\/864212\/revisions"}],"wp:featuredmedia":[{"embeddable":true,"href":"https:\/\/www.europesays.com\/fr\/wp-json\/wp\/v2\/media\/864213"}],"wp:attachment":[{"href":"https:\/\/www.europesays.com\/fr\/wp-json\/wp\/v2\/media?parent=864212"}],"wp:term":[{"taxonomy":"category","embeddable":true,"href":"https:\/\/www.europesays.com\/fr\/wp-json\/wp\/v2\/categories?post=864212"},{"taxonomy":"post_tag","embeddable":true,"href":"https:\/\/www.europesays.com\/fr\/wp-json\/wp\/v2\/tags?post=864212"}],"curies":[{"name":"wp","href":"https:\/\/api.w.org\/{rel}","templated":true}]}}