{"id":86428,"date":"2025-05-09T09:02:08","date_gmt":"2025-05-09T09:02:08","guid":{"rendered":"https:\/\/www.europesays.com\/fr\/86428\/"},"modified":"2025-05-09T09:02:08","modified_gmt":"2025-05-09T09:02:08","slug":"insolite-atp-osaka-au-sujet-du-documentaire-dalcaraz-jai-ete-stupefaite-par-sa-chambre-je-me-suis-demande-sil-y-dormait-vraiment","status":"publish","type":"post","link":"https:\/\/www.europesays.com\/fr\/86428\/","title":{"rendered":"Insolite, ATP > Osaka au sujet du documentaire d&rsquo;Alcaraz : \u00ab\u00a0J&rsquo;ai \u00e9t\u00e9 stup\u00e9faite par sa chambre. Je me suis demand\u00e9 s&rsquo;il y dormait vraiment\u00a0\u00bb"},"content":{"rendered":"<p>Naomi se sent bien apr\u00e8s sa victoire \u00e0 St Malo et son entr\u00e9e en lice r\u00e9ussie face \u00e0 Golubic alors qu\u2019elle \u00e9tait large\u00adment men\u00e9e. Interrog\u00e9 au sujet du docu\u00admen\u00adtaire d\u2019Alcaraz sur Netflix, elle a eu des mots tr\u00e8s gentils \u00e0 l\u2019\u00e9gard de l\u2019Espagnol.<\/p>\n<p><strong>\u00ab\u202fJ\u2019ai \u00e9t\u00e9 stup\u00e9\u00adfaite par sa chambre. Je me suis demand\u00e9 s\u2019il y dormait vrai\u00adment. Je trouve que c\u2019est tr\u00e8s mignon de voir \u00e0 quel point il est attach\u00e9 \u00e0 sa famille et \u00e0 quel point il se sent \u00e0 l\u2019aise dans la chambre o\u00f9 il a grandi\u202f\u00bb<\/strong>, explique Naomi.<\/p>\n<p>Naomi n\u2019est s\u00fbre\u00adment pas la seule \u00e0 se poser cette ques\u00adtion d\u2019au\u00adtant que l\u2019on ne peut pas dire que Carlos, qui vit encore chez ses parents, soit dans le luxe. C\u2019est peut \u00eatre une des cl\u00e9s de sa r\u00e9ussite.<\/p>\n<p class=\"post-published-date\" style=\"color: silver; font-size: 75%; text-align: left;\">Publi\u00e9 le vendredi 9 mai 2025 \u00e0 09:50<\/p>\n","protected":false},"excerpt":{"rendered":"Naomi se sent bien apr\u00e8s sa victoire \u00e0 St Malo et son entr\u00e9e en lice r\u00e9ussie face \u00e0&hellip;\n","protected":false},"author":2,"featured_media":80992,"comment_status":"","ping_status":"","sticky":false,"template":"","format":"standard","meta":{"footnotes":""},"categories":[1415],"tags":[1744,1011,27,8447,60,1467],"class_list":{"0":"post-86428","1":"post","2":"type-post","3":"status-publish","4":"format-standard","5":"has-post-thumbnail","7":"category-tennis","8":"tag-alcaraz","9":"tag-fr","10":"tag-france","11":"tag-osaka","12":"tag-sports","13":"tag-tennis"},"share_on_mastodon":{"url":"https:\/\/pubeurope.com\/@fr\/114477068609403636","error":""},"_links":{"self":[{"href":"https:\/\/www.europesays.com\/fr\/wp-json\/wp\/v2\/posts\/86428","targetHints":{"allow":["GET"]}}],"collection":[{"href":"https:\/\/www.europesays.com\/fr\/wp-json\/wp\/v2\/posts"}],"about":[{"href":"https:\/\/www.europesays.com\/fr\/wp-json\/wp\/v2\/types\/post"}],"author":[{"embeddable":true,"href":"https:\/\/www.europesays.com\/fr\/wp-json\/wp\/v2\/users\/2"}],"replies":[{"embeddable":true,"href":"https:\/\/www.europesays.com\/fr\/wp-json\/wp\/v2\/comments?post=86428"}],"version-history":[{"count":0,"href":"https:\/\/www.europesays.com\/fr\/wp-json\/wp\/v2\/posts\/86428\/revisions"}],"wp:featuredmedia":[{"embeddable":true,"href":"https:\/\/www.europesays.com\/fr\/wp-json\/wp\/v2\/media\/80992"}],"wp:attachment":[{"href":"https:\/\/www.europesays.com\/fr\/wp-json\/wp\/v2\/media?parent=86428"}],"wp:term":[{"taxonomy":"category","embeddable":true,"href":"https:\/\/www.europesays.com\/fr\/wp-json\/wp\/v2\/categories?post=86428"},{"taxonomy":"post_tag","embeddable":true,"href":"https:\/\/www.europesays.com\/fr\/wp-json\/wp\/v2\/tags?post=86428"}],"curies":[{"name":"wp","href":"https:\/\/api.w.org\/{rel}","templated":true}]}}