{"id":86429,"date":"2025-05-09T09:04:10","date_gmt":"2025-05-09T09:04:10","guid":{"rendered":"https:\/\/www.europesays.com\/fr\/86429\/"},"modified":"2025-05-09T09:04:10","modified_gmt":"2025-05-09T09:04:10","slug":"programme-giro-multiplex-ligue-1-motogp-sur-quelles-chaines-suivre-les-evenements-sportifs-du-week-end","status":"publish","type":"post","link":"https:\/\/www.europesays.com\/fr\/86429\/","title":{"rendered":"Programme. Giro, multiplex Ligue 1, MotoGP&#8230; sur quelles cha\u00eenes suivre les \u00e9v\u00e9nements sportifs du week-end\u00a0?"},"content":{"rendered":"<p>Un week-end riche en \u00e9v\u00e9nement sportif nous attend\u00a0! Il y en aura pour tous les go\u00fbts avec du cyclisme, du football, le Grand Prix de MotoGP en France&#8230;<\/p>\n<p>Cyclisme : le d\u00e9part du Giro<\/p>\n<p><a href=\"https:\/\/www.ledauphine.com\/sport\/2025\/05\/08\/un-calme-relatif-avant-la-tempete-finale\" target=\"_blank\" rel=\"nofollow noopener\">Primoz Roglic ou Juan Ayuso ?<\/a> <a href=\"https:\/\/www.ledauphine.com\/p\/wout-van-aert\" target=\"_blank\" rel=\"nofollow noopener\">Wout Van Aert<\/a> ou <a href=\"https:\/\/www.ledauphine.com\/p\/tom-pidcock\" target=\"_blank\" rel=\"nofollow noopener\">Tom Pidcock<\/a> ? Adam Yates ou Simon Yates ? Si <a href=\"https:\/\/www.ledauphine.com\/p\/tadej-pogacar\" target=\"_blank\" rel=\"nofollow noopener\">Tadej Pogacar<\/a> et <a href=\"https:\/\/www.ledauphine.com\/p\/remco-evenepoel\" target=\"_blank\" rel=\"nofollow noopener\">Remco Evenepoel<\/a> sont absents, les t\u00eates d&rsquo;affiche sont nombreuses pour <a href=\"https:\/\/www.ledauphine.com\/sport\/2025\/05\/09\/l-albanie-un-grand-depart-du-tour-d-italie-plus-politique-que-sportif\" target=\"_blank\" rel=\"nofollow noopener\">animer le Tour d&rsquo;Italie qui part vendredi d&rsquo;Albanie<\/a>. Il s&rsquo;agit du 15e d\u00e9part de l&rsquo;\u00e9tranger de l&rsquo;histoire du Giro. Les 184 coureurs du Giro vont tout de suite \u00eatre plong\u00e9s dans le grand bain avec cette \u00e9tape courte (164 kilom\u00e8tres) mais explosive entre Durr\u00ebs et la capitale Tirana.<\/p>\n<p>Les leaders pourraient avoir un premier aper\u00e7u des forces en pr\u00e9sence dimanche, avec le difficile col Qafa e Llogarase (10,7 km \u00e0 7,4 %).<\/p>\n<p>A partir de vendredi (13h30), Eurosport 1<\/p>\n<p class=\"insetTitle\">Vuelta f\u00e9minine : derni\u00e8re \u00e9tape samedi<\/p>\n<p>La N\u00e9erlandaise Demi Vollering a <a href=\"https:\/\/www.ledauphine.com\/sport\/2025\/05\/08\/vuelta-feminine-demi-vollering-impressionne-pour-la-premiere-arrivee-au-sommet-lors-de-la-5e-etape\" target=\"_blank\" rel=\"nofollow noopener\">pris les commandes de la Vuelta f\u00e9minine<\/a> en remportant en solitaire la premi\u00e8re \u00e9tape de montagne, jeudi au sommet de Lagunas de Neila. L&rsquo;\u00e9tape de vendredi est pi\u00e9geuse mais ne poss\u00e8de pas de difficult\u00e9 majeure. Mais l&rsquo;ultime \u00e9tape (153 km, 25 000 m de D+), samedi, pourrait tout faire basculer avec l&rsquo;Alto de La Colladona (5,5 km \u00e0 7,4 %), l&rsquo;Alto de La Colladiella (6,4 km \u00e0 8,2 % avec des passages \u00e0 14 %) et enfin l&rsquo;Alto de Cotobello (10,3 km \u00e0 8 %).<\/p>\n<p>Samedi (12h50), sur la plateforme Max<\/p>\n<p>  Football : le retour des multiplex en Ligue 1 et en Ligue 2<\/p>\n<p>Quelle invention que le multiplex de fin de championnat ! Samedi, les amateurs de football seront servis avec neuf rencontres de Ligue 2 \u00e0 17 heures (34e journ\u00e9e), suivies de neuf rencontres de Ligue 1 \u00e0 21 heures (33e journ\u00e9e). Les enjeux seront multiples entre la course aux Coupes d&rsquo;Europe d&rsquo;un c\u00f4t\u00e9, au maintien en Ligue 1 de l&rsquo;autre, et du suspense \u00e9galement en Ligue 2 pour les places de barragistes pour la mont\u00e9e et la rel\u00e9gation.<\/p>\n<p>En Ligue 1, un duel de haut de tableau se disputera au Stade Louis-II, \u00e0 Monaco, qui accueille Lyon.<\/p>\n<p>Multiplex Ligue 2, samedi (17h), BeIN Sports 1 ; Multiplex Ligue 1, samedi (21 h), DAZN<\/p>\n<p>  Football : le Clasico Barcelone &#8211; Real Madrid<\/p>\n<p>Un Clasico d\u00e9cisif ! Le genre de match qui d\u00e9cide d&rsquo;une saison : le FC Barcelone (1er, 79 points), leader avec quatre longueurs d&rsquo;avance, re\u00e7oit dimanche son \u00e9ternel rival, le Real Madrid (2e, 75 points), pour se rapprocher d&rsquo;un 28e titre de champion d&rsquo;Espagne, et d&rsquo;un tripl\u00e9 national (Liga, Coupe du Roi, Supercoupe).<\/p>\n<p>Cinq jours apr\u00e8s <a href=\"https:\/\/www.ledauphine.com\/sport\/2025\/05\/06\/ligue-des-champions-l-inter-milan-elimine-le-barca-au-terme-d-un-match-fou\" target=\"_blank\" rel=\"nofollow noopener\">son \u00e9limination cruelle aux portes de la finale de la Ligue des champions face \u00e0 l&rsquo;Inter<\/a> (4-3 a.p, 3-3), le Bar\u00e7a doit \u00e0 tout prix \u00e9viter une semaine noire qui compliquerait grandement son parcours vers le titre.<\/p>\n<p>Dimanche, 16h15, BeIN Sports 1<\/p>\n<p>MotoGP : le Grand Prix de France au Mans<\/p>\n<p>Deux semaines apr\u00e8s sa chute en Espagne, le sextuple champion du monde espagnol Marc Marquez (Ducati) tentera de rebondir ce week-end au GP de France au Mans, <a href=\"https:\/\/www.ledauphine.com\/sport\/2025\/05\/09\/grand-prix-de-france-deuxieme-a-jerez-quartararo-peut-il-reproduire-sa-performance\" target=\"_blank\" rel=\"nofollow noopener\">o\u00f9 le Fran\u00e7ais Fabio Quartararo (Yamaha) essaiera de confirmer son inattendu podium d\u00e9croch\u00e9 en Andalousie<\/a>.<\/p>\n<p>Ce contenu est bloqu\u00e9 car vous n&rsquo;avez pas accept\u00e9 les cookies et autres traceurs.<\/p>\n<p>En cliquant sur \u00ab J\u2019accepte \u00bb, les cookies et autres traceurs seront d\u00e9pos\u00e9s et vous pourrez visualiser les contenus  (<a href=\"\" class=\"consentModule_policy\" target=\"_blank\" title=\"Consulter la politique de protection des donn\u00e9es du fournisseur\">plus d&rsquo;informations<\/a>).<\/p>\n<p>En cliquant sur \u00ab J\u2019accepte tous les cookies \u00bb, vous autorisez des d\u00e9p\u00f4ts de cookies et autres traceurs pour le stockage de vos donn\u00e9es sur nos sites et applications \u00e0 des fins de personnalisation et de ciblage publicitaire.<\/p>\n<p class=\"consentModule_secondaryText\">Vous gardez la possibilit\u00e9 de retirer votre consentement \u00e0 tout moment en consultant notre <a href=\"https:\/\/www.ledauphine.com\/protection-des-donnees\" target=\"_blank\" title=\"Consulter notre politique de protection des donn\u00e9es\" rel=\"nofollow noopener\">politique de protection des donn\u00e9es<\/a>. <br \/>&#13;<br \/>\n            <a href=\"https:\/\/www.ledauphine.com\/sport\/2025\/05\/09\/javascript:Didomi.notice.show()\" class=\"consentModule_cmp\" rel=\"nofollow noopener\" target=\"_blank\">G\u00e9rer mes choix<\/a>&#13;\n        <\/p>\n<p>&#13;<br \/>\n                        J&rsquo;accepte&#13;<br \/>\n            J&rsquo;accepte tous les cookies&#13;\n        <\/p>\n<p>Vendredi, essais libres<br \/>Samedi, essais, qualifications (11h) et course sprint (15h)<br \/>Dimanche, Grand Prix (14h)<\/p>\n<p>Sur Canal+<\/p>\n<p>Top 14 : Toulon-Toulouse, l&rsquo;heure de la revanche pour la Ville rose<\/p>\n<p>Une semaine apr\u00e8s avoir subi <a href=\"https:\/\/www.ledauphine.com\/sport\/2025\/05\/04\/champions-cup-bordeaux-begles-bat-toulouse-et-file-en-finale\" target=\"_blank\" rel=\"nofollow noopener\">la loi de l&rsquo;Union Bordeaux-B\u00e8gles en demi-finale de Champions Cup<\/a>, Toulouse doit \u00ab montrer un visage diff\u00e9rent \u00bb, a soulign\u00e9 jeudi l&rsquo;entra\u00eeneur-adjoint Laurent Thu\u00e9ry, avant la 23e journ\u00e9e de Top 14 samedi \u00e0 Marseille contre Toulon.<\/p>\n<p>Ce week-end de Top 14 est \u00e9galement marqu\u00e9 par la course au maintien, avec deux rencontres all\u00e9chantes\u00a0: Vannes (14e) re\u00e7oit La Rochelle (7e), tandis que Perpignan (13e) re\u00e7oit le Stade Fran\u00e7ais (12e).<\/p>\n<p>Samedi, Toulon-Toulouse \u00e0 21h05, Canal +<\/p>\n","protected":false},"excerpt":{"rendered":"Un week-end riche en \u00e9v\u00e9nement sportif nous attend\u00a0! Il y en aura pour tous les go\u00fbts avec du&hellip;\n","protected":false},"author":2,"featured_media":86430,"comment_status":"","ping_status":"","sticky":false,"template":"","format":"standard","meta":{"footnotes":""},"categories":[1413],"tags":[1976,207,107,63,1011,27,329,1457,1456,517,1947,60],"class_list":{"0":"post-86429","1":"post","2":"type-post","3":"status-publish","4":"format-standard","5":"has-post-thumbnail","7":"category-moto","8":"tag-auto-moto","9":"tag-cyclisme","10":"tag-fil-info","11":"tag-football","12":"tag-fr","13":"tag-france","14":"tag-france-monde","15":"tag-moto","16":"tag-motocycle","17":"tag-sport","18":"tag-sport-national","19":"tag-sports"},"share_on_mastodon":{"url":"https:\/\/pubeurope.com\/@fr\/114477076843141634","error":""},"_links":{"self":[{"href":"https:\/\/www.europesays.com\/fr\/wp-json\/wp\/v2\/posts\/86429","targetHints":{"allow":["GET"]}}],"collection":[{"href":"https:\/\/www.europesays.com\/fr\/wp-json\/wp\/v2\/posts"}],"about":[{"href":"https:\/\/www.europesays.com\/fr\/wp-json\/wp\/v2\/types\/post"}],"author":[{"embeddable":true,"href":"https:\/\/www.europesays.com\/fr\/wp-json\/wp\/v2\/users\/2"}],"replies":[{"embeddable":true,"href":"https:\/\/www.europesays.com\/fr\/wp-json\/wp\/v2\/comments?post=86429"}],"version-history":[{"count":0,"href":"https:\/\/www.europesays.com\/fr\/wp-json\/wp\/v2\/posts\/86429\/revisions"}],"wp:featuredmedia":[{"embeddable":true,"href":"https:\/\/www.europesays.com\/fr\/wp-json\/wp\/v2\/media\/86430"}],"wp:attachment":[{"href":"https:\/\/www.europesays.com\/fr\/wp-json\/wp\/v2\/media?parent=86429"}],"wp:term":[{"taxonomy":"category","embeddable":true,"href":"https:\/\/www.europesays.com\/fr\/wp-json\/wp\/v2\/categories?post=86429"},{"taxonomy":"post_tag","embeddable":true,"href":"https:\/\/www.europesays.com\/fr\/wp-json\/wp\/v2\/tags?post=86429"}],"curies":[{"name":"wp","href":"https:\/\/api.w.org\/{rel}","templated":true}]}}