{"id":8643,"date":"2025-04-07T20:01:11","date_gmt":"2025-04-07T20:01:11","guid":{"rendered":"https:\/\/www.europesays.com\/fr\/8643\/"},"modified":"2025-04-07T20:01:11","modified_gmt":"2025-04-07T20:01:11","slug":"que-faire-a-nantes-pendant-les-vacances-de-printemps-2025-big-city-nantes","status":"publish","type":"post","link":"https:\/\/www.europesays.com\/fr\/8643\/","title":{"rendered":"Que faire \u00e0 Nantes pendant les vacances de printemps 2025 ? \u2013 Big City Nantes"},"content":{"rendered":"<p>Place \u00e0 la d\u00e9tente et au kiff avec ces vacances qui sentent bon l\u2019\u00e9t\u00e9 (oui, on a h\u00e2te) ! Que tu sois avec les bambins, entre amis ou en solo, pas de quoi s\u2019ennuyer \u00e0 Nantes pendants ces vacances de printemps. <a href=\"https:\/\/www.bigcitynantes.fr\/\" target=\"_blank\" rel=\"noreferrer noopener nofollow\">Big City<\/a> t\u2019a pr\u00e9par\u00e9 une s\u00e9lection de sorties aux petits oignons pour occuper tes journ\u00e9es \u00e0 Nantes. <strong>Suis le guide et bonnes vacances<\/strong> ! \ud83d\ude09<\/p>\n<p>Nantes : 10 id\u00e9es de sorties pour les vacances du samedi 5 au lundi 21 avril 2025 ?\u00a0Prendre un verre en terrasse<img loading=\"lazy\" decoding=\"async\" width=\"680\" height=\"510\" src=\"https:\/\/www.europesays.com\/fr\/wp-content\/uploads\/2025\/04\/Guinguette-Le-Bivouac.png\" alt=\"Guinguette Le Bivouac\" class=\"lazyload wp-image-111820\" style=\"aspect-ratio:16\/9;object-fit:cover\"  data-\/><\/p>\n<p>Activit\u00e9 incontournable des beaux jours, mais \u00f4 combien appr\u00e9ciable\u2026 Les terrasses estivales investissent \u00e0 nouveau les rues de Nantes pour notre plus grand plaisir. C\u00f4t\u00e9 guinguettes, \u00e7a d\u00e9marre \u00e9galement tr\u00e8s fort avec le retour de la guinguette <a href=\"https:\/\/www.nantes-camping.fr\/camping\/guinguette.html\" target=\"_blank\" rel=\"noreferrer noopener nofollow\">Le Bivouac<\/a>, <a href=\"https:\/\/www.facebook.com\/p\/Guinguette-La-Belle-Saison-Orvault-100091666602676\/\" target=\"_blank\" rel=\"noreferrer noopener nofollow\">La Belle Saison<\/a>, le\u00a0<a href=\"https:\/\/www.bigcitynantes.fr\/a-boire-et-a-manger\/le-bateau-lavoir-fait-sa-grande-reouverture-le-31-mars-2025\/\" target=\"_blank\" rel=\"noreferrer noopener nofollow\">Bateau Lavoir<\/a>, <a href=\"https:\/\/www.laguinguettedubelvedere.fr\/\" target=\"_blank\" rel=\"noreferrer noopener nofollow\">la Guinguette du Belv\u00e9d\u00e8re<\/a>\u2026 Et tu as de quoi faire car <a href=\"https:\/\/www.bigcitynantes.fr\/actu\/nantes-cette-guinguette-de-plein-air-rouvre-bientot\/\" target=\"_blank\" rel=\"noreferrer noopener nofollow\">la Station Nuage<\/a> revient le 9 avril, <a href=\"https:\/\/www.levoyageanantes.fr\/lieux\/la-cantine-du-voyage\/\" target=\"_blank\" rel=\"noreferrer noopener nofollow\">la Cantine du Voyage<\/a> le 17 avril et <a href=\"https:\/\/www.lesnantais.fr\/\" target=\"_blank\" rel=\"noreferrer noopener nofollow\">Les Nantais<\/a> le 18 avril \ud83d\ude09<\/p>\n<p>Profiter de la f\u00eate foraine de Nantes<img loading=\"lazy\" decoding=\"async\" width=\"1200\" height=\"600\" src=\"https:\/\/www.europesays.com\/fr\/wp-content\/uploads\/2025\/04\/fete-foraine.jpg\" alt=\"\" class=\"lazyload wp-image-104863\" style=\"aspect-ratio:16\/9;object-fit:cover\"  data-\/><\/p>\n<p>Rien de mieux pour occuper les bambins ! Entre chichis, barbapapa, man\u00e8ges, et jeux d\u2019adresse, la f\u00eate foraine de Nantes comblera les gourmands et les aventureux ! \u00c0 retrouver sur le cours Saint-Pierre jusqu\u2019\u00e0 la fin des vacances.<\/p>\n<p>Partir \u00e0 la chasse aux oeufs dans un ch\u00e2teau<img loading=\"lazy\" decoding=\"async\" width=\"680\" height=\"510\" src=\"https:\/\/www.europesays.com\/fr\/wp-content\/uploads\/2025\/04\/Brunch-et-chasse-aux-oeufs-au-Chateau-de-Maubreuil.png\" alt=\"Brunch et chasse aux oeufs au Cha\u0302teau de Maubreuil\" class=\"lazyload wp-image-111744\" style=\"aspect-ratio:16\/9;object-fit:cover\"  data-\/><\/p>\n<p>Petits lapins, cloches et chocolats investissent le cadre exceptionnel du Ch\u00e2teau de Maubreuil ! Pour le week-end de P\u00e2ques, retrouve des animations sp\u00e9ciales. Un brunch d\u2019exception sign\u00e9 Capkao t\u2019attend les 20 et 21 avril, suivi d\u2019une grande chasse aux \u0153ufs dans les jardins le 21 avril \u00e0 15h. Une vraie parenth\u00e8se \u00e9l\u00e9gante et gourmande pour petits et grands ! Sur r\u00e9servation uniquement.<\/p>\n<p>S\u2019immerger dans les ann\u00e9es folles<img loading=\"lazy\" decoding=\"async\" width=\"1160\" height=\"803\" src=\"https:\/\/www.europesays.com\/fr\/wp-content\/uploads\/2025\/04\/Peregrina-spectacle-immersif-1160x803.jpg\" alt=\"Peregrina spectacle immersif\" class=\"lazyload wp-image-108534\" style=\"aspect-ratio:16\/9;object-fit:cover\"  data-\/><\/p>\n<p>Le\u00a0<a href=\"https:\/\/www.peregrina-spectacle.fr\/\" target=\"_blank\" rel=\"noreferrer noopener nofollow\"><strong>spectacle immersif Peregrina<\/strong><\/a>\u00a0d\u00e9barque \u00e0 Nantes\u00a0<strong>du 10 au 20 avril 2025<\/strong>\u00a0! Enfile ta tenue la plus chic et embarque pour un voyage au coeur d\u2019un cabaret des ann\u00e9es 20 avec ce spectacle\u00a0<strong>entre th\u00e9\u00e2tre immersif et escape game<\/strong>. Pendant 2h, c\u2019est\u00a0<strong>une exp\u00e9rience unique<\/strong>\u00a0qui t\u2019attend, dans laquelle tu vas pouvoir \u00eatre acteur de ta propre aventure. Une sortie\u00a0<strong>hyper fun et originale !<\/strong><\/p>\n<p>Tester ta vision avec cette expo sur l\u2019art optique<img loading=\"lazy\" decoding=\"async\" width=\"680\" height=\"510\" src=\"https:\/\/www.europesays.com\/fr\/wp-content\/uploads\/2025\/04\/Expo-Electric-Op-au-Musee-dArts-de-Nantes-1.png\" alt=\"Expo Electric Op au Muse\u0301e d'Arts de Nantes\" class=\"lazyload wp-image-111842\" style=\"aspect-ratio:16\/9;object-fit:cover\"  data-\/>Expo Electric Op au Muse\u0301e d\u2019Arts de Nantes<\/p>\n<p><strong>Du 4 avril au 31 ao\u00fbt 2025<\/strong>, le Mus\u00e9e d\u2019arts de Nantes et le Buffalo AKG Art Museum (\u00c9tats-Unis) s\u2019associent pour une exposition in\u00e9dite.\u00a0Electric Op\u00a0explore les liens entre l\u2019art optique et les pratiques num\u00e9riques, de l\u2019art vid\u00e9o aux cr\u00e9ations informatiques, des ann\u00e9es 1960 \u00e0 aujourd\u2019hui. Une plong\u00e9e fascinante dans l\u2019\u00e9volution des illusions visuelles et de l\u2019abstraction, entre modernit\u00e9 et innovation technologique. Une expo \u00e0 ne pas rater \u00e0 Nantes !<\/p>\n<p>Danser et chanter sur les meilleurs rythmes Hip-Hop<img loading=\"lazy\" decoding=\"async\" width=\"1160\" height=\"773\" src=\"https:\/\/www.europesays.com\/fr\/wp-content\/uploads\/2025\/04\/Hip-Opsession-1160x773.jpeg\" alt=\"\" class=\"lazyload wp-image-94588\" style=\"aspect-ratio:16\/9;object-fit:cover\"  data-\/><\/p>\n<p>Hip Opsession, dernier festival hip hop pluridisciplinaire de France, c\u00e9l\u00e8bre ses 20 ans avec une \u00e9dition exceptionnelle<strong> du 7 avril au 18 mai 2025 ! <\/strong>Plus de 50 \u00e9v\u00e9nements dans 25 lieux nantais mettront \u00e0 l\u2019honneur rap, danse, graff et DJing \u00e0 travers concerts, battles, jams, colo hip hop et workshops. Parmi les temps forts : Un concert plein air \u00e0 Doulon avec Ben PLG et Youssef Swatt\u2019s, le retour du End Of The Weak et une Birthday Party XXL sous les Nefs. \u00c7a s\u2019annonce tr\u00e8s tr\u00e8s cool !<\/p>\n<p>Profiter du carnaval de nuit<img loading=\"lazy\" decoding=\"async\" width=\"680\" height=\"510\" src=\"https:\/\/www.europesays.com\/fr\/wp-content\/uploads\/2025\/04\/Carnaval-de-Nantes-2025-nocturne.jpg\" alt=\"Carnaval de Nantes 2025 nocturne\" class=\"lazyload wp-image-109898\" style=\"aspect-ratio:16\/9;object-fit:cover\"  data-\/>Carnaval de Nantes 2025 nocturne<\/p>\n<p>Rendez-vous incontournable du printemps, le carnaval est de retour pour animer les rues de Nantes\u00a0<strong>les 5 et 12 avril 2025<\/strong>. Cette ann\u00e9e, il c\u00e9l\u00e8bre les \u00ab F\u00eates et carnaval dans le monde \u00bb. Au programme : 15 chars accompagn\u00e9s de groupes de musique et de danse. De la Place Foch jusqu\u2019au Cours des 50 Otages, tu pourras profiter d\u2019un magnifique spectacle nocturne organis\u00e9 par l\u2019association NEMO !<\/p>\n<p>Exprimer ta cr\u00e9ativit\u00e9<img loading=\"lazy\" decoding=\"async\" width=\"1080\" height=\"1080\" src=\"https:\/\/www.europesays.com\/fr\/wp-content\/uploads\/2025\/04\/461156358_1042576251201698_6475389143632142797_n.jpg\" alt=\"La Petite acad\u00e9mie\" class=\"lazyload wp-image-111864\" style=\"aspect-ratio:16\/9;object-fit:cover\"  data-\/>La Petite acad\u00e9mie<\/p>\n<p>Il est temps de r\u00e9veiller l\u2019artiste qui se cache chez les petits ! La Petite Acad\u00e9mie est un atelier de dessin et peinture situ\u00e9 en plein coeur du quartier Graslin. Pour les vacances scolaires, ils proposent aux enfants et ados des stages artistiques. Au programme par exemple : croquis ext\u00e9rieur, bande dessin\u00e9e, street art\u2026<\/p>\n<p>Se balader en musique dans les quartiers nantais<img loading=\"lazy\" decoding=\"async\" width=\"1200\" height=\"600\" src=\"https:\/\/www.europesays.com\/fr\/wp-content\/uploads\/2025\/04\/Nouveaux-podcasts-Voyage-a-Nantes.png\" alt=\"Nouveaux podcasts Voyage a\u0300 Nantes\" class=\"lazyload wp-image-111866\" style=\"aspect-ratio:16\/9;object-fit:cover\"  data-\/><\/p>\n<p>Le Voyage \u00e0 Nantes vient de sortir une <strong>s\u00e9rie de 5 podcasts <\/strong>pour red\u00e9couvrir la ville \u00e0 travers ses diff\u00e9rents quartiers. Tu as juste \u00e0 enfiler ton casque et \u00e0 te balader (ou m\u00eame rester tranquille chez toi) pour profiter de ces cartes postales sonores. Et en plus, tu pourras \u00e9pater tes potes car on y retrouve plein d\u2019anecdotes sur l\u2019histoire de Nantes !<\/p>\n<p>Tester les nouveaut\u00e9s de Nantes<img loading=\"lazy\" decoding=\"async\" width=\"1200\" height=\"600\" src=\"https:\/\/www.europesays.com\/fr\/wp-content\/uploads\/2025\/04\/Nantes-Top-5-des-nouveaux-spots-a-tester-en-avril-1.png\" alt=\"Nantes Top 5 des nouveaux spots a\u0300 tester en avril\" class=\"lazyload wp-image-111855\" style=\"aspect-ratio:16\/9;object-fit:cover\"  data-\/><\/p>\n<p>Et si tu es en retard sur toutes les nouveaut\u00e9s \u00e0 d\u00e9couvrir dans le coin, suis notre Top 5 des nouveaux lieux \u00e0 d\u00e9couvrir ce mois-ci ! Tu vas voir, entre sport, caf\u00e9 et resto, tu as de quoi faire \ud83d\ude09<\/p>\n<p>Avec tout \u00e7a, impossible de t\u2019ennuyer. Alors, <strong>bonnes vacances \u00e0 Nantes !<\/strong> \u2764\ufe0f<\/p>\n<p>\u00c0 faire chaque week-end<\/p>\n","protected":false},"excerpt":{"rendered":"Place \u00e0 la d\u00e9tente et au kiff avec ces vacances qui sentent bon l\u2019\u00e9t\u00e9 (oui, on a h\u00e2te)&hellip;\n","protected":false},"author":2,"featured_media":8644,"comment_status":"","ping_status":"","sticky":false,"template":"","format":"standard","meta":{"footnotes":""},"categories":[2818],"tags":[1111,11,251,1777,674,1011,27,766,12,2636,25,1669,3140,2528],"class_list":{"0":"post-8643","1":"post","2":"type-post","3":"status-publish","4":"format-standard","5":"has-post-thumbnail","7":"category-nantes","8":"tag-actu","9":"tag-actualites","10":"tag-culture","11":"tag-eu","12":"tag-europe","13":"tag-fr","14":"tag-france","15":"tag-nantes","16":"tag-news","17":"tag-pays-de-la-loire","18":"tag-republique-francaise","19":"tag-sorties","20":"tag-spectacle","21":"tag-vacances"},"share_on_mastodon":{"url":"https:\/\/pubeurope.com\/@fr\/114298466976774857","error":""},"_links":{"self":[{"href":"https:\/\/www.europesays.com\/fr\/wp-json\/wp\/v2\/posts\/8643","targetHints":{"allow":["GET"]}}],"collection":[{"href":"https:\/\/www.europesays.com\/fr\/wp-json\/wp\/v2\/posts"}],"about":[{"href":"https:\/\/www.europesays.com\/fr\/wp-json\/wp\/v2\/types\/post"}],"author":[{"embeddable":true,"href":"https:\/\/www.europesays.com\/fr\/wp-json\/wp\/v2\/users\/2"}],"replies":[{"embeddable":true,"href":"https:\/\/www.europesays.com\/fr\/wp-json\/wp\/v2\/comments?post=8643"}],"version-history":[{"count":0,"href":"https:\/\/www.europesays.com\/fr\/wp-json\/wp\/v2\/posts\/8643\/revisions"}],"wp:featuredmedia":[{"embeddable":true,"href":"https:\/\/www.europesays.com\/fr\/wp-json\/wp\/v2\/media\/8644"}],"wp:attachment":[{"href":"https:\/\/www.europesays.com\/fr\/wp-json\/wp\/v2\/media?parent=8643"}],"wp:term":[{"taxonomy":"category","embeddable":true,"href":"https:\/\/www.europesays.com\/fr\/wp-json\/wp\/v2\/categories?post=8643"},{"taxonomy":"post_tag","embeddable":true,"href":"https:\/\/www.europesays.com\/fr\/wp-json\/wp\/v2\/tags?post=8643"}],"curies":[{"name":"wp","href":"https:\/\/api.w.org\/{rel}","templated":true}]}}