{"id":86439,"date":"2025-05-09T09:09:22","date_gmt":"2025-05-09T09:09:22","guid":{"rendered":"https:\/\/www.europesays.com\/fr\/86439\/"},"modified":"2025-05-09T09:09:22","modified_gmt":"2025-05-09T09:09:22","slug":"lyon-le-musee-du-louvre-a-la-part-dieu-quen-pensent-les-visiteurs","status":"publish","type":"post","link":"https:\/\/www.europesays.com\/fr\/86439\/","title":{"rendered":"Lyon. Le mus\u00e9e du Louvre \u00e0 La Part-Dieu : qu&rsquo;en pensent les visiteurs ?"},"content":{"rendered":"<p data-end=\"441\" data-start=\"325\">Le centre commercial <strong>Westfield La Part-Dieu<\/strong> accueille des \u0153uvres mythiques du <strong>mus\u00e9e du Louvre<\/strong>. Du 5 au 10 mai 2025, les visiteurs pourront d\u00e9couvrir l\u2019exposition J\u2019habite au Louvre, compos\u00e9e d\u2019une <strong>vingtaine de reproductions<\/strong> d\u2019\u0153uvres embl\u00e9matiques issues des collections du mus\u00e9e. <\/p>\n<p> Joconde, V\u00e9nus de Milo, Bouffon au luth\u2026 le Louvre \u00e0 la rencontre des Lyonnais <\/p>\n<p data-end=\"681\" data-start=\"563\">Maud \u00e9tait tr\u00e8s impatiente de pouvoir assister \u00e0 cette exposition. \u00ab\u00a0C\u2019est vraiment bien que les \u0153uvres viennent \u00e0 nous et non l\u2019inverse\u00a0\u00bb, se r\u00e9jouit-elle. Pour cette Lyonnaise, c\u2019est l\u2019occasion de contempler l\u2019\u0153uvre phare, <strong>La Joconde<\/strong> de L\u00e9onard de Vinci, d\u2019admirer la <strong>V\u00e9nus de Milo<\/strong> ou de se retrouver devant <strong>La Grande Odalisque<\/strong> r\u00e9alis\u00e9e par Jean-Auguste-Dominique Ingres.<\/p>\n<p> <img decoding=\"async\" alt=\"\" data-zoomable=\"\" loading=\"lazy\" src=\"https:\/\/www.europesays.com\/fr\/wp-content\/uploads\/2025\/05\/exposition-louvre-westfield-part-dieu-c-dorian-molinier-5.jpg\"\/> \u00a9 Dorian Molinier &#8211; Le Bouffon au luth, r\u00e9alis\u00e9 par Frans Hals, se pr\u00e9sente directement aux visiteurs via le panneau situ\u00e9 au-dessous.\u00a0 <\/p>\n<p data-end=\"961\" data-start=\"763\">Chacune des \u0153uvres poss\u00e8de une petite description, \u00e9crite \u00e0 la premi\u00e8re personne, comme si elle se pr\u00e9sentait directement au visiteur. \u00ab\u00a0Cette exposition me rappelle de bons souvenirs\u00a0\u00bb, raconte Madeleine. Cette retrait\u00e9e avait visit\u00e9 le Louvre il y a une cinquantaine d\u2019ann\u00e9es. \u00ab\u00a0C\u2019est plaisant de voir la\u00a0Joconde sans le monde autour, m\u00eame si c\u2019est une reproduction !\u00a0\u00bb<\/p>\n<p> Le Louvre \u00e0 Westfield La Part-Dieu : une exposition pour \u00ab\u00a0d\u00e9sanctuariser les \u0153uvres d\u2019art\u00a0\u00bb <\/p>\n<p data-end=\"1121\" data-start=\"963\">Durant toute la dur\u00e9e de l\u2019exposition, les m\u00e9diateurs du Louvre proposeront des <strong>visites guid\u00e9es et des ateliers<\/strong>. L\u2019exposition, <strong>accessible librement<\/strong> toute la journ\u00e9e, sera enrichie <strong>d\u2019activit\u00e9s gratuites<\/strong> : photos pour se transformer en personnage du Louvre, coloriages, \u00ab\u00a0Qui-est-ce ?\u00a0\u00bb sur le th\u00e8me de l\u2019art, cr\u00e9ation de portraits de famille avec les tableaux du mus\u00e9e, une visite olfactive\u2026 \u00ab\u00a0Une mani\u00e8re de faire d\u00e9couvrir l\u2019univers du mus\u00e9e du Louvre de mani\u00e8re ludique\u00a0\u00bb, indique Sophie, m\u00e9diatrice du Louvre.<\/p>\n<p> <img decoding=\"async\" alt=\"\" data-zoomable=\"\" loading=\"lazy\" src=\"https:\/\/www.europesays.com\/fr\/wp-content\/uploads\/2025\/05\/exposition-louvre-westfield-part-dieu-c-dorian-molinier-3.jpg\"\/> \u00a9 Dorian Molinier &#8211; Reproduite en plus petit format, la V\u00e9nus de Milo peut \u00eatre contempl\u00e9e par les visiteurs avec les yeux, mais aussi les mains.\u00a0 <\/p>\n<p data-end=\"1281\" data-start=\"1123\">De son c\u00f4t\u00e9, Michelle n\u2019a pas vraiment l\u2019occasion de se rendre \u00e0 Paris. \u00ab\u00a0Quand j\u2019ai eu l\u2019info, \u00e7a m\u2019a donn\u00e9 envie de venir. C\u2019est une bonne chose de d\u00e9mocratiser l\u2019acc\u00e8s \u00e0 l\u2019art et \u00e0 la culture\u00a0\u00bb.\u00a0Une des volont\u00e9s du mus\u00e9e du Louvre, via cette tourn\u00e9e partenariale avec <strong>Unibail-Rodamco-Westfield<\/strong>, qui se d\u00e9ploie en 2025 dans six centres commerciaux du groupe en France. <\/p>\n<p data-end=\"1401\" data-start=\"1283\">\u00ab\u00a0Trop de gens pensent qu&rsquo;ils ne sont pas l\u00e9gitimes \u00e0 aller au mus\u00e9e, que l\u2019art est un milieu \u00e9litiste. Notre mission, c\u2019est de d\u00e9sanctuariser les \u0153uvres, les mettre dans un lieu familier pour briser la glace et faire comprendre aux gens qu&rsquo;ils sont chez eux dans le mus\u00e9e\u00a0\u00bb, assure <strong>Gauthier Verbeke<\/strong>, directeur de la m\u00e9diation du mus\u00e9e du Louvre. <\/p>\n<p><strong>Infos pratiques<\/strong> <\/p>\n<p>Exposition du 5 au 10 mai 2025. Place centrale du Westfield La\u00a0Part-Dieu, niveau 0<strong>. <\/strong>Acc\u00e8s libre et gratuit de 10h \u00e0 19h.<\/p>\n","protected":false},"excerpt":{"rendered":"Le centre commercial Westfield La Part-Dieu accueille des \u0153uvres mythiques du mus\u00e9e du Louvre. Du 5 au 10&hellip;\n","protected":false},"author":2,"featured_media":86440,"comment_status":"","ping_status":"","sticky":false,"template":"","format":"standard","meta":{"footnotes":""},"categories":[1358],"tags":[1348,1384,1385,3290,1386,58,59,1011,27,19645],"class_list":{"0":"post-86439","1":"post","2":"type-post","3":"status-publish","4":"format-standard","5":"has-post-thumbnail","7":"category-arts-et-design","8":"tag-arts","9":"tag-arts-and-design","10":"tag-arts-et-design","11":"tag-centre-commercial-westfield-part-dieu","12":"tag-design","13":"tag-divertissement","14":"tag-entertainment","15":"tag-fr","16":"tag-france","17":"tag-musu00e9e-du-louvre"},"share_on_mastodon":{"url":"https:\/\/pubeurope.com\/@fr\/114477096292315675","error":""},"_links":{"self":[{"href":"https:\/\/www.europesays.com\/fr\/wp-json\/wp\/v2\/posts\/86439","targetHints":{"allow":["GET"]}}],"collection":[{"href":"https:\/\/www.europesays.com\/fr\/wp-json\/wp\/v2\/posts"}],"about":[{"href":"https:\/\/www.europesays.com\/fr\/wp-json\/wp\/v2\/types\/post"}],"author":[{"embeddable":true,"href":"https:\/\/www.europesays.com\/fr\/wp-json\/wp\/v2\/users\/2"}],"replies":[{"embeddable":true,"href":"https:\/\/www.europesays.com\/fr\/wp-json\/wp\/v2\/comments?post=86439"}],"version-history":[{"count":0,"href":"https:\/\/www.europesays.com\/fr\/wp-json\/wp\/v2\/posts\/86439\/revisions"}],"wp:featuredmedia":[{"embeddable":true,"href":"https:\/\/www.europesays.com\/fr\/wp-json\/wp\/v2\/media\/86440"}],"wp:attachment":[{"href":"https:\/\/www.europesays.com\/fr\/wp-json\/wp\/v2\/media?parent=86439"}],"wp:term":[{"taxonomy":"category","embeddable":true,"href":"https:\/\/www.europesays.com\/fr\/wp-json\/wp\/v2\/categories?post=86439"},{"taxonomy":"post_tag","embeddable":true,"href":"https:\/\/www.europesays.com\/fr\/wp-json\/wp\/v2\/tags?post=86439"}],"curies":[{"name":"wp","href":"https:\/\/api.w.org\/{rel}","templated":true}]}}